{"id":105331,"date":"2023-07-06T07:30:37","date_gmt":"2023-07-06T05:30:37","guid":{"rendered":"https:\/\/factorialhr.com\/blog\/?p=105331"},"modified":"2026-08-23T17:44:03","modified_gmt":"2026-08-23T15:44:03","slug":"liderazgo-inclusivo","status":"publish","type":"post","link":"https:\/\/factorial.es\/blog\/liderazgo-inclusivo\/","title":{"rendered":"Liderazgo inclusivo, la importancia en el espacio de trabajo"},"content":{"rendered":"<p>A menudo se habla de la importancia del liderazgo inclusivo y la diversidad en las empresas, del fin de los sesgos en el reclutamiento y de impulsar estrategias que aumenten las oportunidades laborales eliminando estereotipos de g\u00e9nero, edad y religi\u00f3n.<\/p>\n<p>Sin embargo, estas iniciativas pueden tener un bajo impacto si la cultura corporativa no promueve realmente la inclusividad. Como ocurre en Recursos Humanos, son las personas quienes hacen posible este cambio.<\/p>\n<h2 id=\"datos-clave\">Datos clave<\/h2>\n<ul>\n<li>El liderazgo inclusivo es la capacidad de gestionar y valorar el pensamiento diverso en los equipos, asegurando que todas las personas sean escuchadas e integradas de manera equitativa.<\/li>\n<li>El 49% de los trabajadores hispanos y el 47% de los afrodescendientes han renunciado a un empleo tras experimentar discriminaci\u00f3n o acoso en su puesto de trabajo.<\/li>\n<\/ul>\n<h2 id=\"que-es-el-liderazgo-inclusivo-definicion\"><b>Qu\u00e9 es el liderazgo inclusivo: definici\u00f3n<\/b><\/h2>\n<p>El liderazgo inclusivo se define como una caracter\u00edstica esencial para garantizar que se respete, gestione y escuche el pensamiento diverso. Quienes ocupan puestos de toma de decisiones deben saber comunicarse y motivar a sus equipos de manera que se valoren nuevas ideas y enfoques.<\/p>\n<h3><b>Caracter\u00edsticas del liderazgo inclusivo<\/b><\/h3>\n<p>Existen diferentes tipos de personas, trabajadores y estilos de liderazgo. En ocasiones anteriores hemos abordado el <a href=\"https:\/\/factorial.es\/blog\/liderazgo-femenino-empresas\/\" target=\"_self\" rel=\"noopener\">liderazgo femenino<\/a> o el <a href=\"https:\/\/factorial.es\/blog\/estilos-liderazgo-empresas\/\" target=\"_self\" rel=\"noopener\">liderazgo consciente<\/a>. Sin embargo, en el caso del liderazgo inclusivo, el \u00e9xito depende especialmente de las caracter\u00edsticas personales de quien lidera.<\/p>\n<h2 id=\"interes-por-las-personas-y-relaciones-sociales\"><b>Inter\u00e9s por las personas y relaciones sociales<\/b><\/h2>\n<p>El liderazgo inclusivo no puede ser transaccional. Los l\u00edderes inclusivos dedican tiempo a construir relaciones genuinas con los miembros de su equipo y con otros empleados.<\/p>\n<p>Se interesan sinceramente en conocer qu\u00e9 es importante para cada trabajador y qu\u00e9 necesita para tener \u00e9xito. Reconocen que cada empleado es una persona \u00edntegra, no solo el resultado que produce.<\/p>\n<p>La construcci\u00f3n de relaciones va m\u00e1s all\u00e1 de la tolerancia, la adaptaci\u00f3n o la conveniencia. Quien practica el liderazgo inclusivo entiende la importancia de que todos los empleados sean valorados en su totalidad.<\/p>\n<p><b>Habilidades de comunicaci\u00f3n<\/b><\/p>\n<p>La comunicaci\u00f3n supone una variedad de habilidades. En contextos de crisis, la transparencia y la coherencia son imprescindibles en los l\u00edderes actuales. Comunicar la realidad, incluyendo errores, con sinceridad, incrementa la confianza en el equipo. Se debe informar de todas las novedades, positivas o negativas, con claridad.<\/p>\n<p>La comunicaci\u00f3n efectiva facilita interacciones fluidas entre el l\u00edder y su equipo. Ante situaciones dif\u00edciles, el ambiente puede volverse tenso. Un l\u00edder comunicativo es capaz de gestionar conflictos y encontrar puntos de acuerdo.<\/p>\n<p><b>Reconocimiento de logros y objetivos<\/b><\/p>\n<p>La proactividad es esencial para la inclusi\u00f3n. El liderazgo que valora la diversidad requiere reconocer el trabajo y apoyar el desarrollo profesional de las personas.<\/p>\n<p>Esto implica reconocer, de forma espec\u00edfica y personal, las contribuciones \u00fanicas de cada persona, motivando y fortaleciendo su sentido de pertenencia. Puede lograrse con programas de reconocimiento laboral o t\u00e9cnicas como el feedback o el feedforward.<\/p>\n<p><b>Aut\u00e9ntica empat\u00eda<\/b><\/p>\n<p>Crear un espacio inclusivo requiere apreciar los antecedentes y experiencias de los dem\u00e1s m\u00e1s all\u00e1 del plano profesional. Los l\u00edderes inclusivos demuestran calidez y comprensi\u00f3n, y utilizan la compasi\u00f3n para generar conexiones profundas en el entorno laboral.<\/p>\n<p>Se esfuerzan por mantenerse informados sobre las circunstancias de sus colaboradores y priorizan la conciliaci\u00f3n familiar-laboral. Los l\u00edderes emp\u00e1ticos, especialmente en momentos de crisis, fortalecen los lazos entre empleados y la organizaci\u00f3n.<\/p>\n<p>La escucha activa, la adaptaci\u00f3n de las condiciones laborales cuando es posible y el feedback personalizado son maneras de demostrar empat\u00eda.<\/p>\n<p><b>Estimulan la participaci\u00f3n<\/b><\/p>\n<p>La inclusi\u00f3n implica invitar diariamente a los equipos a aportar ideas y perspectivas diversas, valorando la participaci\u00f3n y los comentarios de todas las personas de la plantilla.<\/p>\n<p>El liderazgo inclusivo busca eliminar obst\u00e1culos a la participaci\u00f3n, no solo en las reuniones, sino en las formas de trabajo.<\/p>\n<p>Por ello, aboga por mantener cierta horizontalidad en el organigrama, promoviendo una comunicaci\u00f3n fluida en todos los niveles jer\u00e1rquicos e integrando elementos de holocracia.<\/p>\n<p><iframe src=\"\/\/www.youtube.com\/embed\/h2kmtESNz94\" width=\"560\" height=\"314\" allowfullscreen=\"allowfullscreen\"><\/iframe><\/p>\n<h2 id=\"el-estilo-de-liderazgo-inclusivo-en-empresas\"><b>El estilo de liderazgo inclusivo en empresas<\/b><\/h2>\n<p>Cuando se habla de liderazgo inclusivo en empresas y Recursos Humanos, el reclutamiento suele considerarse el foco principal, aunque no es el \u00fanico \u00e1mbito relevante.<\/p>\n<p>Liderar desde la inclusi\u00f3n significa realizar contrataciones objetivas, enfocadas en la evaluaci\u00f3n por competencias o pruebas psicot\u00e9cnicas, y respetar leyes que combaten la discriminaci\u00f3n.<\/p>\n<p>El liderazgo basado en la diversidad tambi\u00e9n abarca otras \u00e1reas, entre ellas el employer branding. La retribuci\u00f3n econ\u00f3mica ya no es el \u00fanico factor para el talento joven.<\/p>\n<p>Los millennials y centennials son la generaci\u00f3n con el mayor nivel educativo de la historia a nivel mundial y para 2025, se espera que integren el 75% de la fuerza laboral. Datos de Gallup concluyen que estas generaciones dan prioridad a la diversidad en el entorno laboral.<\/p>\n<p>De acuerdo con un informe de Glassdoor, m\u00e1s del 76% de los empleados y candidatos consideran que la diversidad es un elemento clave al elegir empresa.<\/p>\n<p>Adem\u00e1s, aproximadamente el 80% de las personas afrodescendientes e hispanas y el 79% del colectivo LGBTIQ+ valoran especialmente la diversidad en sus futuras empresas.<\/p>\n<p>Casi la mitad de los trabajadores afrodescendientes (47%) e hispanos (49%) han renunciado a un empleo tras experimentar discriminaci\u00f3n o acoso laboral, un porcentaje mayor que el de los empleados cauc\u00e1sicos (38%).<\/p>\n<h2 id=\"ventajas-y-beneficios-del-estilo-de-liderazgo-inclusivo\"><b>Ventajas y beneficios del estilo de liderazgo inclusivo<\/b><\/h2>\n<p>Para entender el verdadero impacto de la diversidad en las empresas, es esencial considerar el contexto. Implementar pol\u00edticas de inclusi\u00f3n va m\u00e1s all\u00e1 de construir equipos multiculturales.<\/p>\n<p>El liderazgo inclusivo solo es posible en empresas comprometidas con los cambios sociales y econ\u00f3micos actuales.<\/p>\n<p>La diversidad se aplica no solo a las plantillas, sino tambi\u00e9n al mercado, los clientes y las soluciones creativas que se desarrollan.<\/p>\n<p>La pluralidad de ideas exige pr\u00e1cticas de tolerancia y colaboraci\u00f3n, abiertas a la innovaci\u00f3n.<\/p>\n<p>Entender los distintos perfiles de consumo ayuda a crear productos o servicios mejor adaptados y a establecer comunicaciones eficaces y personalizadas.<\/p>\n<p>Asimismo, cuando la percepci\u00f3n de inclusi\u00f3n y diversidad aumenta un 10%, indicadores clave como el absentismo laboral disminuyen, en promedio, un d\u00eda al a\u00f1o por trabajador contratado.<\/p>\n<h2 id=\"como-fomentar-el-estilo-de-liderazgo-inclusivo-en-las-organizaciones\"><b>C\u00f3mo fomentar el estilo de liderazgo inclusivo en las organizaciones<\/b><\/h2>\n<p>Si la cultura de la empresa es de tipo tradicional, es normal que existan desaf\u00edos al actualizar las pol\u00edticas sobre diversidad. A continuaci\u00f3n, presentamos algunas acciones para fortalecer la inclusi\u00f3n:<\/p>\n<h3><b>Ejercita la inteligencia emocional<\/b><\/h3>\n<p>Puede desarrollarse mediante planes de formaci\u00f3n en habilidades blandas, coaching, mentor\u00edas o ejercicios de escucha activa.<\/p>\n<p>Escuchar a los empleados mediante, por ejemplo, encuestas an\u00f3nimas desde una plataforma interna ayuda a identificar situaciones y necesidades. Escuchar de manera activa implica intervenir para resolver problemas, evitar riesgos o consolidar fortalezas.<\/p>\n<h3><b>No le temas a la vulnerabilidad<\/b><\/h3>\n<p>No solo la tuya, sino la de otros. Adoptar un liderazgo autoritario puede generar conflictos en el ambiente. La vulnerabilidad significa participar proactivamente en \u00e1mbitos donde la experiencia es menor y la confianza puede tambalear.<\/p>\n<p>Pedir ayuda, opiniones y normalizarlo fomenta la diversidad y la tolerancia en el espacio de trabajo.<\/p>\n<h3><b>Optimiza tus recursos<\/b><\/h3>\n<p>Liderar en inclusi\u00f3n requiere dedicar tiempo de calidad a relaciones interpersonales. Automatiza tareas cotidianas para poder fortalecer los lazos dentro de la organizaci\u00f3n.<\/p>\n<p>La digitalizaci\u00f3n de Recursos Humanos\u00a0permite dedicar m\u00e1s recursos a la salud organizacional.<\/p>\n<h3><b>Mant\u00e9n la flexibilidad<\/b><\/h3>\n<p>El liderazgo moderno necesita adaptarse a situaciones cambiantes, desde el teletrabajo hasta la reorganizaci\u00f3n. La flexibilidad facilita modificar objetivos y analizar nuevos escenarios con mentalidad de oportunidad.<\/p>\n<p>Un buen l\u00edder debe planificar medidas ante las crisis sin comprometerse con plazos r\u00edgidos, lo que permite adaptarse a lo imprevisible.<\/p>\n<h3><b>Manejo de la incertidumbre<\/b><\/h3>\n<p>Ante entornos impredecibles, la tolerancia hacia la incertidumbre es clave. El miedo al futuro puede afectar la productividad.<\/p>\n<p>El l\u00edder que tolera la incertidumbre puede priorizar mejor y ayudar al equipo a enfocarse. Mantener la calma y analizar el entorno resulta esencial para encontrar soluciones.<\/p>\n<p>Solo quienes poseen autoconocimiento y regulaci\u00f3n emocional afrontar\u00e1n con \u00e9xito este panorama. No se trata de saber todo, sino de estar dispuesto a un an\u00e1lisis permanente, lo que favorece la sostenibilidad de la empresa en tiempos complejos.<\/p>\n","protected":false},"excerpt":{"rendered":"<p>A menudo se habla de la importancia del liderazgo inclusivo y la diversidad en las empresas, del fin de los sesgos en el reclutamiento y de impulsar estrategias que aumenten las oportunidades laborales eliminando estereotipos de g\u00e9nero, edad y religi\u00f3n. Sin embargo, estas iniciativas pueden tener un bajo impacto si la cultura corporativa no promueve<a href=\"https:\/\/factorial.es\/blog\/liderazgo-inclusivo\/\" class=\"read-more\"> [&#8230;]<\/a><\/p>\n","protected":false},"author":114,"featured_media":109120,"comment_status":"closed","ping_status":"closed","sticky":false,"template":"","format":"standard","meta":{"_acf_changed":false,"footnotes":""},"categories":[2],"tags":[],"class_list":["post-105331","post","type-post","status-publish","format-standard","has-post-thumbnail","hentry","category-talent-management-es"],"acf":{"topics":"talent"},"yoast_head":"<!-- This site is optimized with the Yoast SEO Premium plugin v21.5 (Yoast SEO v21.9.1) - https:\/\/yoast.com\/wordpress\/plugins\/seo\/ -->\n<title>Liderazgo inclusivo como ventaja competitiva \ud83e\udded<\/title>\n<meta name=\"description\" content=\"Analiza c\u00f3mo el liderazgo inclusivo impacta en la diversidad, el compromiso y los resultados de los equipos dentro de la empresa.\" \/>\n<meta name=\"robots\" content=\"index, follow, max-snippet:-1, max-image-preview:large, max-video-preview:-1\" \/>\n<link rel=\"canonical\" href=\"https:\/\/factorial.es\/blog\/liderazgo-inclusivo\/\" \/>\n<meta property=\"og:locale\" content=\"es_ES\" \/>\n<meta property=\"og:type\" content=\"article\" \/>\n<meta property=\"og:title\" content=\"Liderazgo inclusivo, la importancia en el espacio de trabajo\" \/>\n<meta property=\"og:description\" content=\"Analiza c\u00f3mo el liderazgo inclusivo impacta en la diversidad, el compromiso y los resultados de los equipos dentro de la empresa.\" \/>\n<meta property=\"og:url\" content=\"https:\/\/factorial.es\/blog\/liderazgo-inclusivo\/\" \/>\n<meta property=\"og:site_name\" content=\"Factorial\" \/>\n<meta property=\"article:publisher\" content=\"https:\/\/www.facebook.com\/people\/Factorial\/100064908455810\/\" \/>\n<meta property=\"article:published_time\" content=\"2023-07-06T05:30:37+00:00\" \/>\n<meta property=\"article:modified_time\" content=\"2026-08-23T15:44:03+00:00\" \/>\n<meta property=\"og:image\" content=\"https:\/\/factorial.es\/wp-content\/uploads\/2023\/07\/03123637\/liderazgo-inclusivo-thumb-blog-es.png\" \/>\n\t<meta property=\"og:image:width\" content=\"3682\" \/>\n\t<meta property=\"og:image:height\" content=\"1885\" \/>\n\t<meta property=\"og:image:type\" content=\"image\/png\" \/>\n<meta name=\"author\" content=\"Greta Gamarra\" \/>\n<meta name=\"twitter:card\" content=\"summary_large_image\" \/>\n<meta name=\"twitter:creator\" content=\"@factorialapp\" \/>\n<meta name=\"twitter:site\" content=\"@factorialapp\" \/>\n<meta name=\"twitter:label1\" content=\"Written by\" \/>\n\t<meta name=\"twitter:data1\" content=\"Greta Gamarra\" \/>\n\t<meta name=\"twitter:label2\" content=\"Est. reading time\" \/>\n\t<meta name=\"twitter:data2\" content=\"6 minutes\" \/>\n<script type=\"application\/ld+json\" class=\"yoast-schema-graph\">{\"@context\":\"https:\/\/schema.org\",\"@graph\":[{\"@type\":\"Article\",\"@id\":\"https:\/\/factorial.es\/blog\/liderazgo-inclusivo\/#article\",\"isPartOf\":{\"@id\":\"https:\/\/factorial.es\/blog\/liderazgo-inclusivo\/\"},\"author\":{\"name\":\"Greta Gamarra\",\"@id\":\"https:\/\/factorial.es\/blog\/#\/schema\/person\/2fc107364522534277ab611302aafb39\"},\"headline\":\"Liderazgo inclusivo, la importancia en el espacio de trabajo\",\"datePublished\":\"2023-07-06T05:30:37+00:00\",\"dateModified\":\"2026-08-23T15:44:03+00:00\",\"mainEntityOfPage\":{\"@id\":\"https:\/\/factorial.es\/blog\/liderazgo-inclusivo\/\"},\"wordCount\":1393,\"publisher\":{\"@id\":\"https:\/\/factorial.es\/blog\/#organization\"},\"articleSection\":[\"Talent Management\"],\"inLanguage\":\"es\"},{\"@type\":\"WebPage\",\"@id\":\"https:\/\/factorial.es\/blog\/liderazgo-inclusivo\/\",\"url\":\"https:\/\/factorial.es\/blog\/liderazgo-inclusivo\/\",\"name\":\"Liderazgo inclusivo como ventaja competitiva \ud83e\udded\",\"isPartOf\":{\"@id\":\"https:\/\/factorial.es\/blog\/#website\"},\"datePublished\":\"2023-07-06T05:30:37+00:00\",\"dateModified\":\"2026-08-23T15:44:03+00:00\",\"description\":\"Analiza c\u00f3mo el liderazgo inclusivo impacta en la diversidad, el compromiso y los resultados de los equipos dentro de la empresa.\",\"inLanguage\":\"es\",\"potentialAction\":[{\"@type\":\"ReadAction\",\"target\":[\"https:\/\/factorial.es\/blog\/liderazgo-inclusivo\/\"]}]},{\"@type\":\"WebSite\",\"@id\":\"https:\/\/factorial.es\/blog\/#website\",\"url\":\"https:\/\/factorial.es\/blog\/\",\"name\":\"Factorial\",\"description\":\"\",\"publisher\":{\"@id\":\"https:\/\/factorial.es\/blog\/#organization\"},\"potentialAction\":[{\"@type\":\"SearchAction\",\"target\":{\"@type\":\"EntryPoint\",\"urlTemplate\":\"https:\/\/factorial.es\/blog\/?s={search_term_string}\"},\"query-input\":\"required name=search_term_string\"}],\"inLanguage\":\"es\"},{\"@type\":\"Organization\",\"@id\":\"https:\/\/factorial.es\/blog\/#organization\",\"name\":\"All-in-one business management software - Factorial\",\"url\":\"https:\/\/factorial.es\/blog\/\",\"logo\":{\"@type\":\"ImageObject\",\"inLanguage\":\"es\",\"@id\":\"https:\/\/factorial.es\/blog\/#\/schema\/logo\/image\/\",\"url\":\"https:\/\/factorial.es\/wp-content\/uploads\/2023\/07\/18155144\/factorial-logo.png\",\"contentUrl\":\"https:\/\/factorial.es\/wp-content\/uploads\/2023\/07\/18155144\/factorial-logo.png\",\"width\":946,\"height\":880,\"caption\":\"All-in-one business management software - Factorial\"},\"image\":{\"@id\":\"https:\/\/factorial.es\/blog\/#\/schema\/logo\/image\/\"},\"sameAs\":[\"https:\/\/www.facebook.com\/people\/Factorial\/100064908455810\/\",\"https:\/\/twitter.com\/factorialapp\",\"https:\/\/www.linkedin.com\/company\/factorialhr\",\"https:\/\/www.youtube.com\/@factorialmedia\",\"https:\/\/www.instagram.com\/factorial\/#\"]},{\"@type\":\"Person\",\"@id\":\"https:\/\/factorial.es\/blog\/#\/schema\/person\/2fc107364522534277ab611302aafb39\",\"name\":\"Greta Gamarra\",\"image\":{\"@type\":\"ImageObject\",\"inLanguage\":\"es\",\"@id\":\"https:\/\/factorial.es\/blog\/#\/schema\/person\/image\/\",\"url\":\"https:\/\/secure.gravatar.com\/avatar\/cf1013a8e96575f9c1576e3b9193c0a7?s=96&d=identicon&r=g\",\"contentUrl\":\"https:\/\/secure.gravatar.com\/avatar\/cf1013a8e96575f9c1576e3b9193c0a7?s=96&d=identicon&r=g\",\"caption\":\"Greta Gamarra\"},\"description\":\"\u00a1Hola! Soy Greta Gamarra y trabajo como Content Marketing para el mercado espa\u00f1ol en Factorial. Vine a Barcelona a estudiar un M\u00e1ster en Marketing Digital el cual me permiti\u00f3 ampliar m\u00e1s mis conocimientos dentro de este entorno. Desde el 2019 empec\u00e9 a crear contenido y campa\u00f1as para diferentes plataformas.\",\"sameAs\":[\"https:\/\/www.linkedin.com\/in\/greta-gamarra-guerrero\/\"],\"url\":\"https:\/\/factorial.es\/blog\/author\/greta\/\"}]}<\/script>\n<!-- \/ Yoast SEO Premium plugin. -->","yoast_head_json":{"title":"Liderazgo inclusivo como ventaja competitiva \ud83e\udded","description":"Analiza c\u00f3mo el liderazgo inclusivo impacta en la diversidad, el compromiso y los resultados de los equipos dentro de la empresa.","robots":{"index":"index","follow":"follow","max-snippet":"max-snippet:-1","max-image-preview":"max-image-preview:large","max-video-preview":"max-video-preview:-1"},"canonical":"https:\/\/factorial.es\/blog\/liderazgo-inclusivo\/","og_locale":"es_ES","og_type":"article","og_title":"Liderazgo inclusivo, la importancia en el espacio de trabajo","og_description":"Analiza c\u00f3mo el liderazgo inclusivo impacta en la diversidad, el compromiso y los resultados de los equipos dentro de la empresa.","og_url":"https:\/\/factorial.es\/blog\/liderazgo-inclusivo\/","og_site_name":"Factorial","article_publisher":"https:\/\/www.facebook.com\/people\/Factorial\/100064908455810\/","article_published_time":"2023-07-06T05:30:37+00:00","article_modified_time":"2026-08-23T15:44:03+00:00","og_image":[{"width":3682,"height":1885,"url":"https:\/\/factorial.es\/wp-content\/uploads\/2023\/07\/03123637\/liderazgo-inclusivo-thumb-blog-es.png","type":"image\/png"}],"author":"Greta Gamarra","twitter_card":"summary_large_image","twitter_creator":"@factorialapp","twitter_site":"@factorialapp","twitter_misc":{"Written by":"Greta Gamarra","Est. reading time":"6 minutes"},"schema":{"@context":"https:\/\/schema.org","@graph":[{"@type":"Article","@id":"https:\/\/factorial.es\/blog\/liderazgo-inclusivo\/#article","isPartOf":{"@id":"https:\/\/factorial.es\/blog\/liderazgo-inclusivo\/"},"author":{"name":"Greta Gamarra","@id":"https:\/\/factorial.es\/blog\/#\/schema\/person\/2fc107364522534277ab611302aafb39"},"headline":"Liderazgo inclusivo, la importancia en el espacio de trabajo","datePublished":"2023-07-06T05:30:37+00:00","dateModified":"2026-08-23T15:44:03+00:00","mainEntityOfPage":{"@id":"https:\/\/factorial.es\/blog\/liderazgo-inclusivo\/"},"wordCount":1393,"publisher":{"@id":"https:\/\/factorial.es\/blog\/#organization"},"articleSection":["Talent Management"],"inLanguage":"es"},{"@type":"WebPage","@id":"https:\/\/factorial.es\/blog\/liderazgo-inclusivo\/","url":"https:\/\/factorial.es\/blog\/liderazgo-inclusivo\/","name":"Liderazgo inclusivo como ventaja competitiva \ud83e\udded","isPartOf":{"@id":"https:\/\/factorial.es\/blog\/#website"},"datePublished":"2023-07-06T05:30:37+00:00","dateModified":"2026-08-23T15:44:03+00:00","description":"Analiza c\u00f3mo el liderazgo inclusivo impacta en la diversidad, el compromiso y los resultados de los equipos dentro de la empresa.","inLanguage":"es","potentialAction":[{"@type":"ReadAction","target":["https:\/\/factorial.es\/blog\/liderazgo-inclusivo\/"]}]},{"@type":"WebSite","@id":"https:\/\/factorial.es\/blog\/#website","url":"https:\/\/factorial.es\/blog\/","name":"Factorial","description":"","publisher":{"@id":"https:\/\/factorial.es\/blog\/#organization"},"potentialAction":[{"@type":"SearchAction","target":{"@type":"EntryPoint","urlTemplate":"https:\/\/factorial.es\/blog\/?s={search_term_string}"},"query-input":"required name=search_term_string"}],"inLanguage":"es"},{"@type":"Organization","@id":"https:\/\/factorial.es\/blog\/#organization","name":"All-in-one business management software - Factorial","url":"https:\/\/factorial.es\/blog\/","logo":{"@type":"ImageObject","inLanguage":"es","@id":"https:\/\/factorial.es\/blog\/#\/schema\/logo\/image\/","url":"https:\/\/factorial.es\/wp-content\/uploads\/2023\/07\/18155144\/factorial-logo.png","contentUrl":"https:\/\/factorial.es\/wp-content\/uploads\/2023\/07\/18155144\/factorial-logo.png","width":946,"height":880,"caption":"All-in-one business management software - Factorial"},"image":{"@id":"https:\/\/factorial.es\/blog\/#\/schema\/logo\/image\/"},"sameAs":["https:\/\/www.facebook.com\/people\/Factorial\/100064908455810\/","https:\/\/twitter.com\/factorialapp","https:\/\/www.linkedin.com\/company\/factorialhr","https:\/\/www.youtube.com\/@factorialmedia","https:\/\/www.instagram.com\/factorial\/#"]},{"@type":"Person","@id":"https:\/\/factorial.es\/blog\/#\/schema\/person\/2fc107364522534277ab611302aafb39","name":"Greta Gamarra","image":{"@type":"ImageObject","inLanguage":"es","@id":"https:\/\/factorial.es\/blog\/#\/schema\/person\/image\/","url":"https:\/\/secure.gravatar.com\/avatar\/cf1013a8e96575f9c1576e3b9193c0a7?s=96&d=identicon&r=g","contentUrl":"https:\/\/secure.gravatar.com\/avatar\/cf1013a8e96575f9c1576e3b9193c0a7?s=96&d=identicon&r=g","caption":"Greta Gamarra"},"description":"\u00a1Hola! Soy Greta Gamarra y trabajo como Content Marketing para el mercado espa\u00f1ol en Factorial. Vine a Barcelona a estudiar un M\u00e1ster en Marketing Digital el cual me permiti\u00f3 ampliar m\u00e1s mis conocimientos dentro de este entorno. Desde el 2019 empec\u00e9 a crear contenido y campa\u00f1as para diferentes plataformas.","sameAs":["https:\/\/www.linkedin.com\/in\/greta-gamarra-guerrero\/"],"url":"https:\/\/factorial.es\/blog\/author\/greta\/"}]}},"_links":{"self":[{"href":"https:\/\/factorial.es\/blog\/wp-json\/wp\/v2\/posts\/105331"}],"collection":[{"href":"https:\/\/factorial.es\/blog\/wp-json\/wp\/v2\/posts"}],"about":[{"href":"https:\/\/factorial.es\/blog\/wp-json\/wp\/v2\/types\/post"}],"author":[{"embeddable":true,"href":"https:\/\/factorial.es\/blog\/wp-json\/wp\/v2\/users\/114"}],"replies":[{"embeddable":true,"href":"https:\/\/factorial.es\/blog\/wp-json\/wp\/v2\/comments?post=105331"}],"version-history":[{"count":7,"href":"https:\/\/factorial.es\/blog\/wp-json\/wp\/v2\/posts\/105331\/revisions"}],"predecessor-version":[{"id":199790,"href":"https:\/\/factorial.es\/blog\/wp-json\/wp\/v2\/posts\/105331\/revisions\/199790"}],"wp:featuredmedia":[{"embeddable":true,"href":"https:\/\/factorial.es\/blog\/wp-json\/wp\/v2\/media\/109120"}],"wp:attachment":[{"href":"https:\/\/factorial.es\/blog\/wp-json\/wp\/v2\/media?parent=105331"}],"wp:term":[{"taxonomy":"category","embeddable":true,"href":"https:\/\/factorial.es\/blog\/wp-json\/wp\/v2\/categories?post=105331"},{"taxonomy":"post_tag","embeddable":true,"href":"https:\/\/factorial.es\/blog\/wp-json\/wp\/v2\/tags?post=105331"}],"curies":[{"name":"wp","href":"https:\/\/api.w.org\/{rel}","templated":true}]}}