{"id":106735,"date":"2023-06-20T07:30:37","date_gmt":"2023-06-20T05:30:37","guid":{"rendered":"https:\/\/factorialhr.com\/blog\/?p=106735"},"modified":"2026-02-02T10:50:21","modified_gmt":"2026-02-02T08:50:21","slug":"amonestacion-laboral","status":"publish","type":"post","link":"https:\/\/factorial.es\/blog\/amonestacion-laboral\/","title":{"rendered":"Amonestaci\u00f3n laboral: todo lo que necesitas para gestionarla con cuidado"},"content":{"rendered":"<p><span style=\"font-weight: 400;\">Amonestar a un trabajador siempre es un proceso inc\u00f3modo para los responsables de Recursos Humanos. De hecho, son muchos los que prefieren no adentrarse en este terreno y retrasan intervenir esperando que el problema se resuelva solo.\u00a0<\/span><\/p>\n<p><!--more--><\/p>\n<p><span style=\"font-weight: 400;\">Sin embargo, esto no suele suceder y llega un momento en el que la empresa debe tomar una serie de medidas para atajar el problema. La primera suele ser la de realizar una <\/span><b>amonestaci\u00f3n en el trabajo con la que intentar lograr un cambio positivo <\/b><span style=\"font-weight: 400;\">en la actitud y desempe\u00f1o profesional del empleado.<\/span><\/p>\n<div class=\"js-toc toc\">\n<p class=\"js-toc-title toc__title\">Tabla de contenidos<\/p>\n<nav id=\"fac_toc_nav\" class=\"js-toc-nav toc__nav\" aria-label=\"Tabla de contenidos\"><ol class=\"toc__list toc__list--level-1\"><li class=\"toc-heading-level-2\"><a class=\"toc__link toc-link-heading-1\" href=\"https:\/\/factorial.es\/blog\/amonestacion-laboral\/#sobre-el-concepto-de-amonestacion-laboral\" title=\"Sobre el concepto de amonestaci\u00f3n laboral\" data-target-id=\"sobre-el-concepto-de-amonestacion-laboral\">Sobre el concepto de amonestaci\u00f3n laboral<\/a><\/li><li class=\"toc-heading-level-2\"><a class=\"toc__link toc-link-heading-2\" href=\"https:\/\/factorial.es\/blog\/amonestacion-laboral\/#la-amonestacion-laboral-que-es-y-marco-legal\" title=\"La amonestaci\u00f3n laboral: qu\u00e9 es y marco legal\" data-target-id=\"la-amonestacion-laboral-que-es-y-marco-legal\">La amonestaci\u00f3n laboral: qu\u00e9 es y marco legal<\/a><\/li><li class=\"toc-heading-level-2\"><a class=\"toc__link toc-link-heading-3\" href=\"https:\/\/factorial.es\/blog\/amonestacion-laboral\/#como-gestionar-e-informar-una-amonestacion-a-un-trabajador\" title=\"C\u00f3mo gestionar e informar una amonestaci\u00f3n a un trabajador\u00a0\" data-target-id=\"como-gestionar-e-informar-una-amonestacion-a-un-trabajador\">C\u00f3mo gestionar e informar una amonestaci\u00f3n a un trabajador\u00a0<\/a><\/li><li class=\"toc-heading-level-2\"><a class=\"toc__link toc-link-heading-4\" href=\"https:\/\/factorial.es\/blog\/amonestacion-laboral\/#tipos-de-amonestacion-laboral\" title=\"Tipos de amonestaci\u00f3n laboral\" data-target-id=\"tipos-de-amonestacion-laboral\">Tipos de amonestaci\u00f3n laboral<\/a><\/li><li class=\"toc-heading-level-2\"><a class=\"toc__link toc-link-heading-5\" href=\"https:\/\/factorial.es\/blog\/amonestacion-laboral\/#que-hacer-cuando-un-empleado-no-esta-conforme-con-la-amonestacion-laboral\" title=\"Qu\u00e9 hacer cuando un empleado no est\u00e1 conforme con la amonestaci\u00f3n laboral\" data-target-id=\"que-hacer-cuando-un-empleado-no-esta-conforme-con-la-amonestacion-laboral\">Qu\u00e9 hacer cuando un empleado no est\u00e1 conforme con la amonestaci\u00f3n laboral<\/a><\/li><li class=\"toc-heading-level-2\"><a class=\"toc__link toc-link-heading-6\" href=\"https:\/\/factorial.es\/blog\/amonestacion-laboral\/#\u00bfcual-es-la-diferencia-entre-sancion-y-amonestacion\" title=\"\u00bfCu\u00e1l es la diferencia entre sanci\u00f3n y amonestaci\u00f3n?\" data-target-id=\"\u00bfcual-es-la-diferencia-entre-sancion-y-amonestacion\">\u00bfCu\u00e1l es la diferencia entre sanci\u00f3n y amonestaci\u00f3n?<\/a><\/li><li class=\"toc-heading-level-2\"><a class=\"toc__link toc-link-heading-7\" href=\"https:\/\/factorial.es\/blog\/amonestacion-laboral\/#\u00bfuna-amonestacion-laboral-implica-siempre-una-sancion-laboral\" title=\"\u00bfUna amonestaci\u00f3n laboral implica siempre una sanci\u00f3n laboral?\" data-target-id=\"\u00bfuna-amonestacion-laboral-implica-siempre-una-sancion-laboral\">\u00bfUna amonestaci\u00f3n laboral implica siempre una sanci\u00f3n laboral?<\/a><\/li><li class=\"toc-heading-level-2\"><a class=\"toc__link toc-link-heading-8\" href=\"https:\/\/factorial.es\/blog\/amonestacion-laboral\/#\u00bfcomo-se-presenta-una-amonestacion-laboral\" title=\"\u00bfC\u00f3mo se presenta una amonestaci\u00f3n laboral?\" data-target-id=\"\u00bfcomo-se-presenta-una-amonestacion-laboral\">\u00bfC\u00f3mo se presenta una amonestaci\u00f3n laboral?<\/a><\/li><li class=\"toc-heading-level-2\"><a class=\"toc__link toc-link-heading-9\" href=\"https:\/\/factorial.es\/blog\/amonestacion-laboral\/#\u00bfcuando-se-puede-aplicar-una-amonestacion-laboral-a-un-empleado\" title=\"\u00bfCu\u00e1ndo se puede aplicar una amonestaci\u00f3n laboral a un empleado?\" data-target-id=\"\u00bfcuando-se-puede-aplicar-una-amonestacion-laboral-a-un-empleado\">\u00bfCu\u00e1ndo se puede aplicar una amonestaci\u00f3n laboral a un empleado?<\/a><\/li><li class=\"toc-heading-level-2\"><a class=\"toc__link toc-link-heading-10\" href=\"https:\/\/factorial.es\/blog\/amonestacion-laboral\/#\u00bfcuales-son-los-efectos-de-una-amonestacion-laboral-en-el-expediente-del-empleado\" title=\"\u00bfCu\u00e1les son los efectos de una amonestaci\u00f3n laboral en el expediente del empleado?\" data-target-id=\"\u00bfcuales-son-los-efectos-de-una-amonestacion-laboral-en-el-expediente-del-empleado\">\u00bfCu\u00e1les son los efectos de una amonestaci\u00f3n laboral en el expediente del empleado?<\/a><\/li><li class=\"toc-heading-level-2\"><a class=\"toc__link toc-link-heading-11\" href=\"https:\/\/factorial.es\/blog\/amonestacion-laboral\/#\u00bfcuantas-amonestaciones-laborales-son-necesarias-para-el-cese-de-un-trabajador\" title=\"\u00bfCu\u00e1ntas amonestaciones laborales son necesarias para el cese de un trabajador?\u00a0\" data-target-id=\"\u00bfcuantas-amonestaciones-laborales-son-necesarias-para-el-cese-de-un-trabajador\">\u00bfCu\u00e1ntas amonestaciones laborales son necesarias para el cese de un trabajador?\u00a0<\/a><\/li><li class=\"toc-heading-level-2\"><a class=\"toc__link toc-link-heading-12\" href=\"https:\/\/factorial.es\/blog\/amonestacion-laboral\/#\u00bfque-derechos-tiene-un-empleado-despues-de-recibir-una-amonestacion-laboral\" title=\"\u00bfQu\u00e9 derechos tiene un empleado despu\u00e9s de recibir una amonestaci\u00f3n laboral?\" data-target-id=\"\u00bfque-derechos-tiene-un-empleado-despues-de-recibir-una-amonestacion-laboral\">\u00bfQu\u00e9 derechos tiene un empleado despu\u00e9s de recibir una amonestaci\u00f3n laboral?<\/a><\/li><\/ol><\/nav><\/div>\n<h2>Sobre el concepto de amonestaci\u00f3n laboral<\/h2>\n<p><span style=\"font-weight: 400;\">Con las <\/span><b>amonestaciones laborales <\/b><span style=\"font-weight: 400;\">se trata de comunicar a los empleados, de una forma sincera y transparente, qu\u00e9 es lo que est\u00e1n haciendo mal. La idea es ver la amonestaci\u00f3n laboral como una oportunidad para lograr una transformaci\u00f3n y una mejora en las acciones del empleado, fomentando su reflexi\u00f3n y brind\u00e1ndole la oportunidad de corregir su comportamiento.<\/span><\/p>\n<p><span style=\"font-weight: 400;\">A pesar de las buenas intenciones de este paso, los responsables en la gesti\u00f3n de personas deben conocer bien los tr\u00e1mites a la hora de realizar una amonestaci\u00f3n en el trabajo y <\/span><b>evitar posibles conflictos legales<\/b><span style=\"font-weight: 400;\">.\u00a0<\/span><\/p>\n<p><span style=\"font-weight: 400;\">Para minimizar problemas en este proceso, este art\u00edculo explica todo lo necesario que debes saber para gestionar con cuidado la amonestaci\u00f3n a un trabajador.<\/span><\/p>\n<h2><b>La amonestaci\u00f3n laboral: qu\u00e9 es y marco legal<\/b><\/h2>\n<p><span style=\"font-weight: 400;\">La <\/span><b>amonestaci\u00f3n en el trabajo<\/b><span style=\"font-weight: 400;\"> es una medida disciplinaria que las empresas utilizan para informar al empleado de un error o una mala conducta con el objetivo de advertirle sobre las consecuencias que su conducta puede tener. La finalidad de este primer apercibimiento es <\/span><b>corregir su comportamiento y fomentar un ambiente laboral adecuado antes de que el problema vaya a m\u00e1s<\/b><span style=\"font-weight: 400;\">.\u00a0<\/span><\/p>\n<p><span style=\"font-weight: 400;\">Por ello, las empresas y responsables de Recursos Humanos deben contemplar la amonestaci\u00f3n laboral como un <\/span><b>paso necesario con el que crear un di\u00e1logo honesto y claro<\/b><span style=\"font-weight: 400;\">, con el que, adem\u00e1s, es posible fortalecer la relaci\u00f3n entre empleador y empleado, potenciando el crecimiento mutuo y la productividad en el entorno laboral.<\/span><\/p>\n<p><span style=\"font-weight: 400;\">Al igual que las sanciones, las amonestaciones laborales est\u00e1n recogidas en el <\/span><a href=\"https:\/\/www.boe.es\/buscar\/act.php?id=BOE-A-2015-11430\"><span style=\"font-weight: 400;\">Estatuto de Trabajadores<\/span><\/a><span style=\"font-weight: 400;\">, pero son los convenios colectivos los que marcan qu\u00e9 tipo de acci\u00f3n hay que seguir seg\u00fan el tipo de sanci\u00f3n. Sin embargo, no hay que confundir estos dos conceptos.\u00a0<\/span><\/p>\n<p><b>La diferencia entre amonestaci\u00f3n y sanci\u00f3n reside, sobre todo, en la gravedad de la falta y las consecuencias asociadas<\/b><span style=\"font-weight: 400;\">. Mientras que las amonestaciones son medidas disciplinarias m\u00e1s leves, las sanciones sanciones laborales son acciones m\u00e1s severas que pueden implicar la suspensi\u00f3n o el despido del empleado.\u00a0 A pesar de esto, <\/span><b>las amonestaciones laborales tambi\u00e9n pueden ir acompa\u00f1adas de alg\u00fan tipo de sanci\u00f3n.<\/b><\/p>\n<p><a href=\"https:\/\/factorial.es\/blog\/faltas-leves-graves-muy-graves\/\"><strong>\ud83d\udc49 En este art\u00edculo tienes m\u00e1s informaci\u00f3n sobre faltas leves, graves y muy graves<\/strong><\/a><\/p>\n<h2><b>C\u00f3mo gestionar e informar una amonestaci\u00f3n a un trabajador\u00a0<\/b><\/h2>\n<p><span style=\"font-weight: 400;\">La gesti\u00f3n de problemas de comportamiento o de rendimiento con los trabajadores es uno de los asuntos m\u00e1s delicados dentro de una organizaci\u00f3n, ya que una mala praxis a la hora de comunicarse con el trabajador puede tener consecuencias negativas, tanto econ\u00f3micas como legales, para la compa\u00f1\u00eda. <\/span><\/p>\n<p><span style=\"font-weight: 400;\">Por ello, los responsables de esta \u00e1rea deben <\/span><b>conocer bien los pasos que hay que seguir en las amonestaciones laborales<\/b><span style=\"font-weight: 400;\"> para evitar o minimizar posibles consecuencias legales.<\/span><\/p>\n<p><a href=\"https:\/\/factorial.es\/plantillas\/encuesta-para-medir-estres-laboral\">Descarga gratis una encuesta de estres laboral\ud83d\udc47<img decoding=\"async\" class=\"aligncenter wp-image-135846 size-large\" src=\"https:\/\/factorial.es\/wp-content\/uploads\/2021\/05\/20161917\/Factorial-Blog_banner_encuesta_estres_laboral-1-1024x422.png\" alt=\"Factorial Blog_banner_encuesta_estre\u0301s_laboral\" width=\"1024\" height=\"422\" srcset=\"https:\/\/factorial.es\/wp-content\/uploads\/2021\/05\/20161917\/Factorial-Blog_banner_encuesta_estres_laboral-1-1024x422.png 1024w, https:\/\/factorial.es\/wp-content\/uploads\/2021\/05\/20161917\/Factorial-Blog_banner_encuesta_estres_laboral-1-300x124.png 300w, https:\/\/factorial.es\/wp-content\/uploads\/2021\/05\/20161917\/Factorial-Blog_banner_encuesta_estres_laboral-1-768x317.png 768w, https:\/\/factorial.es\/wp-content\/uploads\/2021\/05\/20161917\/Factorial-Blog_banner_encuesta_estres_laboral-1.png 1212w\" sizes=\"(max-width: 1024px) 100vw, 1024px\" \/><\/a><\/p>\n<h2>Tipos de amonestaci\u00f3n laboral<\/h2>\n<p><span style=\"font-weight: 400;\">Existen dos tipos: la verbal y la escrita. Una <strong>amonestaci\u00f3n verba<\/strong>l es aquella que se realiza de manera oral. Suele ser la primera opci\u00f3n y se utiliza para informar al empleado sobre la falta cometida, expresar las preocupaciones de la empresa y brindarle la oportunidad de corregir su comportamiento. Esta conversaci\u00f3n suele estar protagonizada por el responsable de Recursos Humanos o el jefe directo del empleado.<\/span><\/p>\n<p><span style=\"font-weight: 400;\">La <strong>amonestaci\u00f3n por escrito<\/strong> es, por su parte, aquella que se registra en la denominada \u201ccarta de amonestaci\u00f3n laboral\u201d. Este documento formal detalla la falta o incumplimiento del empleado, menciona las normas violadas, explica las consecuencias de la falta y establece un plazo o condiciones para mejorar el comportamiento. El documento se guarda en el expediente del empleado y puede ser utilizado como evidencia en caso de necesidad.<\/span><\/p>\n<h3><b>C\u00f3mo elaborar una carta de amonestaci\u00f3n por escrito de forma correcta<\/b><\/h3>\n<p><span style=\"font-weight: 400;\">Elaborar y enviar la <\/span><b>carta de amonestaci\u00f3n a un trabajador <\/b><span style=\"font-weight: 400;\">es un proceso por el que se informa al trabajador de que ha cometido una falta (o varias) de cierta gravedad y que es necesario cambiar de comportamiento porque, incluso, podr\u00eda llegar a ser despedido en los casos m\u00e1s graves.<\/span><\/p>\n<p><span style=\"font-weight: 400;\">Debido a su propia naturaleza, el documento debe cumplir con una serie de requisitos para que tenga validez, evitando al mismo tiempo problemas a la empresa. Por un lado, la informaci\u00f3n incluida en la carta <\/span><b>debe ser real y comprobable<\/b><span style=\"font-weight: 400;\">. Por otro lado, la carta de amonestaci\u00f3n laboral por escrito debe incluir:<\/span><\/p>\n<ul>\n<li style=\"font-weight: 400;\" aria-level=\"1\"><span style=\"font-weight: 400;\">La fecha en la que se emite, el nombre y DNI del trabajador.<\/span><\/li>\n<li style=\"font-weight: 400;\" aria-level=\"1\"><span style=\"font-weight: 400;\">Los datos de la empresa.\u00a0<\/span><\/li>\n<li style=\"font-weight: 400;\" aria-level=\"1\"><span style=\"font-weight: 400;\">Legislaci\u00f3n y convenio aplicable al caso.<\/span><\/li>\n<li style=\"font-weight: 400;\" aria-level=\"1\"><span style=\"font-weight: 400;\">Hechos que motivan la sanci\u00f3n o advertencia.<\/span><\/li>\n<li style=\"font-weight: 400;\" aria-level=\"1\"><span style=\"font-weight: 400;\">N\u00famero de veces donde se le ha llamado la atenci\u00f3n por parte de la empresa.<\/span><\/li>\n<li style=\"font-weight: 400;\" aria-level=\"1\"><span style=\"font-weight: 400;\">Tipo de falta y datos que lo demuestran.\u00a0<\/span><\/li>\n<li style=\"font-weight: 400;\" aria-level=\"1\"><span style=\"font-weight: 400;\">Consecuencias.<\/span><\/li>\n<li style=\"font-weight: 400;\" aria-level=\"1\"><span style=\"font-weight: 400;\">Firma de la empresa y del trabajador.<\/span><\/li>\n<\/ul>\n<p><span style=\"font-weight: 400;\">Para registrar estas incidencias y tener informaci\u00f3n fiable, las empresas se ayudan de diferentes software de RRHH, <\/span><b>como el de Factoria<\/b><span style=\"font-weight: 400;\">l, donde llevan un registro de las horas de trabajo de sus empleados mediante el control horario. Con ello, pueden <\/span><a href=\"https:\/\/factorial.es\/software-recursos-humanos\"><b>comprobar faltas de asistencia, impuntualidad<\/b><\/a><span style=\"font-weight: 400;\"> o cualquier otro motivo que pueda suponer una amonestaci\u00f3n. Adem\u00e1s, este tipo de soluciones innovadoras permite registrar las sanciones impuestas y mejorar su gesti\u00f3n.<\/span><\/p>\n<h2><b>Qu\u00e9 hacer cuando un empleado no est\u00e1 conforme con la amonestaci\u00f3n laboral<\/b><\/h2>\n<p><span style=\"font-weight: 400;\">El <\/span><a href=\"https:\/\/www.boe.es\/buscar\/act.php?id=BOE-A-2015-11430\"><b>Estatuto de los Trabajadore<\/b><\/a><span style=\"font-weight: 400;\"> establece el tiempo en el que prescriben las amonestaciones laborales, algo que depende del tipo de sanci\u00f3n al que vaya asociada. Las leves prescriben en un plazo de 10 d\u00edas, las graves prescriben en 20 d\u00edas y las faltas muy graves en 60 d\u00edas.<\/span><\/p>\n<p><span style=\"font-weight: 400;\">Cuando el trabajador amonestado no est\u00e9 conforme, tiene un plazo de 20 d\u00edas h\u00e1biles, desde que recibe la notificaci\u00f3n, para impugnar. Para ello, deber\u00e1 <\/span><b>firmar la carta de amonestaci\u00f3n como \u201cno conforme\u201d<\/b><span style=\"font-weight: 400;\"> y puede presentar en el Servicio de Mediaci\u00f3n, Arbitraje y Conciliaci\u00f3n una papeleta de conciliaci\u00f3n para llegar a un acuerdo con la compa\u00f1\u00eda y evitar interponer una demanda. En \u00faltima instancia y en caso de no haber acuerdo, el empleado puede presentar una demanda por la v\u00eda judicial.<\/span><\/p>\n<p><strong>El di\u00e1logo es clave<\/strong><\/p>\n<p><b>Siempre que sea posible es recomendable evitar llegar hasta los juzgados<\/b><span style=\"font-weight: 400;\">. Por ello, los responsables de gesti\u00f3n de personas deben intentar <\/span><b>hablar y dialogar con el afectado<\/b><span style=\"font-weight: 400;\"> para conocer su opini\u00f3n y preocupaciones, buscando una soluci\u00f3n de mutuo acuerdo. Por ello, hay empresas que tienen <\/span><b>mecanismos de revisi\u00f3n interna<\/b><span style=\"font-weight: 400;\"> con los que el empleado puede pedir una reevaluaci\u00f3n de la amonestaci\u00f3n laboral. <\/span><\/p>\n<p><span style=\"font-weight: 400;\">En caso de no quedar satisfecha y como \u00faltima instancia quedar\u00e1 la opci\u00f3n de recurrir a una entidad externa que, como hemos dicho, suelen ser el Servicio de Mediaci\u00f3n, Arbitraje y Conciliaci\u00f3n, y la Justicia.<\/span><\/p>\n<p><strong>Recursos y materiales de apoyo<\/strong><\/p>\n<p><span style=\"font-weight: 400;\">Teniendo en cuenta lo anterior e independientemente de c\u00f3mo se gestione la amonestaci\u00f3n laboral, los responsables de Recursos Humanos deben prever que estos conflictos pueden terminar en el Juzgado, por lo que deben ser conscientes de la <\/span><b>necesidad de registrar del mejor modo posible las faltas cometidas por las personas<\/b><span style=\"font-weight: 400;\"> que configuran la compa\u00f1\u00eda. Es la mejor manera de demostrar, en caso de que haya que hacerlo, que la informaci\u00f3n contenida en la carta de amonestaci\u00f3n laboral es real.<\/span><\/p>\n<p><span style=\"font-weight: 400;\">Los software como los de Factorial son perfectos para llevar a cabo este registro de amonestaciones y faltas. Pero Factorial va m\u00e1s all\u00e1 al permitir tambi\u00e9n, con los datos introducidos, <\/span><b>analizar y detectar patrones y tendencias recurrentes en cuanto a las faltas que comenten los trabajadores,<\/b><span style=\"font-weight: 400;\"> lo que ofrece una informaci\u00f3n muy valiosa a la hora de identificar comportamientos problem\u00e1ticos y las \u00e1reas donde se producen. Con esta informaci\u00f3n es m\u00e1s f\u00e1cil tomar decisiones que ayuden a mejorar estos comportamientos nocivos.<\/span><\/p>\n<p><span data-sheets-root=\"1\">Descubre el<a href=\"https:\/\/factorial.es\/homepage-b\"> software de gesti\u00f3n empresarial<\/a> que impulsa tu empresa.\ud83d\udc47<\/span><\/p>\n<p><a href=\"https:\/\/factorial.es\/homepage-b\"><img decoding=\"async\" class=\"alignnone wp-image-158919 size-full\" src=\"https:\/\/factorial.es\/wp-content\/uploads\/2022\/04\/16142854\/Banner-Demo-Factorial-All-in-One-Espana.png\" alt=\"Software de gesti\u00f3n empresarial\" width=\"1212\" height=\"500\" srcset=\"https:\/\/factorial.es\/wp-content\/uploads\/2022\/04\/16142854\/Banner-Demo-Factorial-All-in-One-Espana.png 1212w, https:\/\/factorial.es\/wp-content\/uploads\/2022\/04\/16142854\/Banner-Demo-Factorial-All-in-One-Espana-300x124.png 300w, https:\/\/factorial.es\/wp-content\/uploads\/2022\/04\/16142854\/Banner-Demo-Factorial-All-in-One-Espana-1024x422.png 1024w, https:\/\/factorial.es\/wp-content\/uploads\/2022\/04\/16142854\/Banner-Demo-Factorial-All-in-One-Espana-768x317.png 768w\" sizes=\"(max-width: 1212px) 100vw, 1212px\" \/><\/a><\/p>\n<h2><b>\u00bfCu\u00e1l es la diferencia entre sanci\u00f3n y amonestaci\u00f3n?<\/b><\/h2>\n<p><span style=\"font-weight: 400;\">La principal diferencia entre una amonestaci\u00f3n y una sanci\u00f3n laboral radica en la gravedad de la falta y las consecuencias asociadas. Las amonestaciones son medidas disciplinarias m\u00e1s leves que buscan corregir el comportamiento del empleado, mientras que las sanciones son acciones m\u00e1s severas que pueden contemplar la suspensi\u00f3n o el despido del empleado.<\/span><\/p>\n<h2><b>\u00bfUna amonestaci\u00f3n laboral implica siempre una sanci\u00f3n laboral?<\/b><\/h2>\n<p><span style=\"font-weight: 400;\">No, depende de la gravedad de la falta. En algunos casos, una amonestaci\u00f3n laboral puede ser suficiente para corregir la conducta inapropiada, por lo que no se requiere una sanci\u00f3n adicional. En situaciones m\u00e1s graves o cuando el empleado persiste en su comportamiento inadecuado, s\u00ed es posible acompa\u00f1ar la amonestaci\u00f3n laboral con una sanci\u00f3n.<\/span><\/p>\n<h2><b>\u00bfC\u00f3mo se presenta una amonestaci\u00f3n laboral?<\/b><\/h2>\n<p><span style=\"font-weight: 400;\">Los responsables de la empresa deben investigar y recopilar pruebas sobre la falta o faltas cometidas con el empleado. Asimismo, deber\u00e1 reunirse con la persona afectada para comunicarle, ya sea de forma oral o escrita, la falta cometida.\u00a0<\/span><\/p>\n<h2><b>\u00bfCu\u00e1ndo se puede aplicar una amonestaci\u00f3n laboral a un empleado?<\/b><\/h2>\n<p><span style=\"font-weight: 400;\">Una amonestaci\u00f3n laboral puede aplicarse a un empleado cuando comete una falta o incumple una norma laboral o del c\u00f3digo de conducta de la empresa. La decisi\u00f3n de aplicar una amonestaci\u00f3n laboral debe basarse en pol\u00edticas internas y cumplir con la legislaci\u00f3n laboral vigente.<\/span><\/p>\n<h2><b>\u00bfCu\u00e1les son los efectos de una amonestaci\u00f3n laboral en el expediente del empleado?<\/b><\/h2>\n<p><span style=\"font-weight: 400;\">La amonestaci\u00f3n laboral, sobre todo si es por escrito, suele registrarse como un antecedente disciplinario, lo cual puede ser relevante para futuras acciones. Adem\u00e1s, puede influir en las evaluaciones de desempe\u00f1o, promociones y decisiones relacionadas con la carrera laboral. Tambi\u00e9n puede ser considerada como un factor determinante en casos de despido o conflictos legales en el \u00e1mbito laboral.<\/span><\/p>\n<h2><b>\u00bfCu\u00e1ntas amonestaciones laborales son necesarias para el cese de un trabajador?\u00a0<\/b><\/h2>\n<p><span style=\"font-weight: 400;\">No hay un n\u00famero fijo de amonestaciones laborales para el cese de un trabajador. Esto depender\u00e1 de las circunstancias espec\u00edficas y las pol\u00edticas de cada empresa. Existen situaciones en las que una falta grave puede justificar el despido inmediato, sin la necesidad de amonestaciones previas.\u00a0<\/span><\/p>\n<h2><b>\u00bfQu\u00e9 derechos tiene un empleado despu\u00e9s de recibir una amonestaci\u00f3n laboral?<\/b><\/h2>\n<p><span style=\"font-weight: 400;\">Un empleado tiene derecho a defenderse y presentar su versi\u00f3n de los hechos, proporcionado pruebas. Tambi\u00e9n tiene derecho a la confidencialidad de la informaci\u00f3n y puede solicitar una revisi\u00f3n o apelaci\u00f3n de la misma si considera que la amonestaci\u00f3n fue injusta. La revisi\u00f3n puede hacerla por canales internos dentro de la empresa o canales externos, como el Servicio de Mediaci\u00f3n, Arbitraje y Conciliaci\u00f3n, o presentando una denuncia en los Juzgados.<\/span><\/p>\n","protected":false},"excerpt":{"rendered":"<p>Amonestar a un trabajador siempre es un proceso inc\u00f3modo para los responsables de Recursos Humanos. De hecho, son muchos los que prefieren no adentrarse en este terreno y retrasan intervenir esperando que el problema se resuelva solo.\u00a0<\/p>\n","protected":false},"author":165,"featured_media":106741,"comment_status":"closed","ping_status":"closed","sticky":false,"template":"","format":"standard","meta":{"_acf_changed":false,"footnotes":""},"categories":[2],"tags":[],"class_list":["post-106735","post","type-post","status-publish","format-standard","has-post-thumbnail","hentry","category-talent-management-es"],"acf":{"topics":"talent"},"yoast_head":"<!-- This site is optimized with the Yoast SEO Premium plugin v21.5 (Yoast SEO v21.9.1) - https:\/\/yoast.com\/wordpress\/plugins\/seo\/ -->\n<title>Amonestaci\u00f3n laboral: qu\u00e9 es y c\u00f3mo aplicarla \u26a0\ufe0f<\/title>\n<meta name=\"description\" content=\"Qu\u00e9 es una amonestaci\u00f3n laboral, tipos, cu\u00e1ndo procede y c\u00f3mo aplicarla correctamente seg\u00fan la normativa vigente.\" \/>\n<meta name=\"robots\" content=\"index, follow, max-snippet:-1, max-image-preview:large, max-video-preview:-1\" \/>\n<link rel=\"canonical\" href=\"https:\/\/factorial.es\/blog\/amonestacion-laboral\/\" \/>\n<meta property=\"og:locale\" content=\"es_ES\" \/>\n<meta property=\"og:type\" content=\"article\" \/>\n<meta property=\"og:title\" content=\"Amonestaci\u00f3n laboral: todo lo que necesitas para gestionarla con cuidado\" \/>\n<meta property=\"og:description\" content=\"Qu\u00e9 es una amonestaci\u00f3n laboral, tipos, cu\u00e1ndo procede y c\u00f3mo aplicarla correctamente seg\u00fan la normativa vigente.\" \/>\n<meta property=\"og:url\" content=\"https:\/\/factorial.es\/blog\/amonestacion-laboral\/\" \/>\n<meta property=\"og:site_name\" content=\"Factorial\" \/>\n<meta property=\"article:publisher\" content=\"https:\/\/www.facebook.com\/people\/Factorial\/100064908455810\/\" \/>\n<meta property=\"article:published_time\" content=\"2023-06-20T05:30:37+00:00\" \/>\n<meta property=\"article:modified_time\" content=\"2026-02-02T08:50:21+00:00\" \/>\n<meta property=\"og:image\" content=\"https:\/\/factorial.es\/wp-content\/uploads\/2023\/06\/13110640\/thumb-amonestacion-laboral-es-blog.jpg\" \/>\n\t<meta property=\"og:image:width\" content=\"1680\" \/>\n\t<meta property=\"og:image:height\" content=\"860\" \/>\n\t<meta property=\"og:image:type\" content=\"image\/jpeg\" \/>\n<meta name=\"author\" content=\"Victor Manuel Romero\" \/>\n<meta name=\"twitter:card\" content=\"summary_large_image\" \/>\n<meta name=\"twitter:creator\" content=\"@factorialapp\" \/>\n<meta name=\"twitter:site\" content=\"@factorialapp\" \/>\n<meta name=\"twitter:label1\" content=\"Written by\" \/>\n\t<meta name=\"twitter:data1\" content=\"Victor Manuel Romero\" \/>\n\t<meta name=\"twitter:label2\" content=\"Est. reading time\" \/>\n\t<meta name=\"twitter:data2\" content=\"9 minutes\" \/>\n<script type=\"application\/ld+json\" class=\"yoast-schema-graph\">{\"@context\":\"https:\/\/schema.org\",\"@graph\":[{\"@type\":\"Article\",\"@id\":\"https:\/\/factorial.es\/blog\/amonestacion-laboral\/#article\",\"isPartOf\":{\"@id\":\"https:\/\/factorial.es\/blog\/amonestacion-laboral\/\"},\"author\":{\"name\":\"Victor Manuel Romero\",\"@id\":\"https:\/\/factorial.es\/blog\/#\/schema\/person\/ca1c540ca3522d662776de3c12086014\"},\"headline\":\"Amonestaci\u00f3n laboral: todo lo que necesitas para gestionarla con cuidado\",\"datePublished\":\"2023-06-20T05:30:37+00:00\",\"dateModified\":\"2026-02-02T08:50:21+00:00\",\"mainEntityOfPage\":{\"@id\":\"https:\/\/factorial.es\/blog\/amonestacion-laboral\/\"},\"wordCount\":1929,\"publisher\":{\"@id\":\"https:\/\/factorial.es\/blog\/#organization\"},\"articleSection\":[\"Talent Management\"],\"inLanguage\":\"es\"},{\"@type\":\"WebPage\",\"@id\":\"https:\/\/factorial.es\/blog\/amonestacion-laboral\/\",\"url\":\"https:\/\/factorial.es\/blog\/amonestacion-laboral\/\",\"name\":\"Amonestaci\u00f3n laboral: qu\u00e9 es y c\u00f3mo aplicarla \u26a0\ufe0f\",\"isPartOf\":{\"@id\":\"https:\/\/factorial.es\/blog\/#website\"},\"datePublished\":\"2023-06-20T05:30:37+00:00\",\"dateModified\":\"2026-02-02T08:50:21+00:00\",\"description\":\"Qu\u00e9 es una amonestaci\u00f3n laboral, tipos, cu\u00e1ndo procede y c\u00f3mo aplicarla correctamente seg\u00fan la normativa vigente.\",\"inLanguage\":\"es\",\"potentialAction\":[{\"@type\":\"ReadAction\",\"target\":[\"https:\/\/factorial.es\/blog\/amonestacion-laboral\/\"]}]},{\"@type\":\"WebSite\",\"@id\":\"https:\/\/factorial.es\/blog\/#website\",\"url\":\"https:\/\/factorial.es\/blog\/\",\"name\":\"Factorial\",\"description\":\"\",\"publisher\":{\"@id\":\"https:\/\/factorial.es\/blog\/#organization\"},\"potentialAction\":[{\"@type\":\"SearchAction\",\"target\":{\"@type\":\"EntryPoint\",\"urlTemplate\":\"https:\/\/factorial.es\/blog\/?s={search_term_string}\"},\"query-input\":\"required name=search_term_string\"}],\"inLanguage\":\"es\"},{\"@type\":\"Organization\",\"@id\":\"https:\/\/factorial.es\/blog\/#organization\",\"name\":\"All-in-one business management software - Factorial\",\"url\":\"https:\/\/factorial.es\/blog\/\",\"logo\":{\"@type\":\"ImageObject\",\"inLanguage\":\"es\",\"@id\":\"https:\/\/factorial.es\/blog\/#\/schema\/logo\/image\/\",\"url\":\"https:\/\/factorial.es\/wp-content\/uploads\/2023\/07\/18155144\/factorial-logo.png\",\"contentUrl\":\"https:\/\/factorial.es\/wp-content\/uploads\/2023\/07\/18155144\/factorial-logo.png\",\"width\":946,\"height\":880,\"caption\":\"All-in-one business management software - Factorial\"},\"image\":{\"@id\":\"https:\/\/factorial.es\/blog\/#\/schema\/logo\/image\/\"},\"sameAs\":[\"https:\/\/www.facebook.com\/people\/Factorial\/100064908455810\/\",\"https:\/\/twitter.com\/factorialapp\",\"https:\/\/www.linkedin.com\/company\/factorialhr\",\"https:\/\/www.youtube.com\/@factorialmedia\",\"https:\/\/www.instagram.com\/factorial\/#\"]},{\"@type\":\"Person\",\"@id\":\"https:\/\/factorial.es\/blog\/#\/schema\/person\/ca1c540ca3522d662776de3c12086014\",\"name\":\"Victor Manuel Romero\",\"image\":{\"@type\":\"ImageObject\",\"inLanguage\":\"es\",\"@id\":\"https:\/\/factorial.es\/blog\/#\/schema\/person\/image\/\",\"url\":\"https:\/\/secure.gravatar.com\/avatar\/de5004985e1d390a1274cc2992bf9e3d?s=96&d=identicon&r=g\",\"contentUrl\":\"https:\/\/secure.gravatar.com\/avatar\/de5004985e1d390a1274cc2992bf9e3d?s=96&d=identicon&r=g\",\"caption\":\"Victor Manuel Romero\"},\"url\":\"https:\/\/factorial.es\/blog\/author\/victor-manuel-romero\/\"}]}<\/script>\n<!-- \/ Yoast SEO Premium plugin. -->","yoast_head_json":{"title":"Amonestaci\u00f3n laboral: qu\u00e9 es y c\u00f3mo aplicarla \u26a0\ufe0f","description":"Qu\u00e9 es una amonestaci\u00f3n laboral, tipos, cu\u00e1ndo procede y c\u00f3mo aplicarla correctamente seg\u00fan la normativa vigente.","robots":{"index":"index","follow":"follow","max-snippet":"max-snippet:-1","max-image-preview":"max-image-preview:large","max-video-preview":"max-video-preview:-1"},"canonical":"https:\/\/factorial.es\/blog\/amonestacion-laboral\/","og_locale":"es_ES","og_type":"article","og_title":"Amonestaci\u00f3n laboral: todo lo que necesitas para gestionarla con cuidado","og_description":"Qu\u00e9 es una amonestaci\u00f3n laboral, tipos, cu\u00e1ndo procede y c\u00f3mo aplicarla correctamente seg\u00fan la normativa vigente.","og_url":"https:\/\/factorial.es\/blog\/amonestacion-laboral\/","og_site_name":"Factorial","article_publisher":"https:\/\/www.facebook.com\/people\/Factorial\/100064908455810\/","article_published_time":"2023-06-20T05:30:37+00:00","article_modified_time":"2026-02-02T08:50:21+00:00","og_image":[{"width":1680,"height":860,"url":"https:\/\/factorial.es\/wp-content\/uploads\/2023\/06\/13110640\/thumb-amonestacion-laboral-es-blog.jpg","type":"image\/jpeg"}],"author":"Victor Manuel Romero","twitter_card":"summary_large_image","twitter_creator":"@factorialapp","twitter_site":"@factorialapp","twitter_misc":{"Written by":"Victor Manuel Romero","Est. reading time":"9 minutes"},"schema":{"@context":"https:\/\/schema.org","@graph":[{"@type":"Article","@id":"https:\/\/factorial.es\/blog\/amonestacion-laboral\/#article","isPartOf":{"@id":"https:\/\/factorial.es\/blog\/amonestacion-laboral\/"},"author":{"name":"Victor Manuel Romero","@id":"https:\/\/factorial.es\/blog\/#\/schema\/person\/ca1c540ca3522d662776de3c12086014"},"headline":"Amonestaci\u00f3n laboral: todo lo que necesitas para gestionarla con cuidado","datePublished":"2023-06-20T05:30:37+00:00","dateModified":"2026-02-02T08:50:21+00:00","mainEntityOfPage":{"@id":"https:\/\/factorial.es\/blog\/amonestacion-laboral\/"},"wordCount":1929,"publisher":{"@id":"https:\/\/factorial.es\/blog\/#organization"},"articleSection":["Talent Management"],"inLanguage":"es"},{"@type":"WebPage","@id":"https:\/\/factorial.es\/blog\/amonestacion-laboral\/","url":"https:\/\/factorial.es\/blog\/amonestacion-laboral\/","name":"Amonestaci\u00f3n laboral: qu\u00e9 es y c\u00f3mo aplicarla \u26a0\ufe0f","isPartOf":{"@id":"https:\/\/factorial.es\/blog\/#website"},"datePublished":"2023-06-20T05:30:37+00:00","dateModified":"2026-02-02T08:50:21+00:00","description":"Qu\u00e9 es una amonestaci\u00f3n laboral, tipos, cu\u00e1ndo procede y c\u00f3mo aplicarla correctamente seg\u00fan la normativa vigente.","inLanguage":"es","potentialAction":[{"@type":"ReadAction","target":["https:\/\/factorial.es\/blog\/amonestacion-laboral\/"]}]},{"@type":"WebSite","@id":"https:\/\/factorial.es\/blog\/#website","url":"https:\/\/factorial.es\/blog\/","name":"Factorial","description":"","publisher":{"@id":"https:\/\/factorial.es\/blog\/#organization"},"potentialAction":[{"@type":"SearchAction","target":{"@type":"EntryPoint","urlTemplate":"https:\/\/factorial.es\/blog\/?s={search_term_string}"},"query-input":"required name=search_term_string"}],"inLanguage":"es"},{"@type":"Organization","@id":"https:\/\/factorial.es\/blog\/#organization","name":"All-in-one business management software - Factorial","url":"https:\/\/factorial.es\/blog\/","logo":{"@type":"ImageObject","inLanguage":"es","@id":"https:\/\/factorial.es\/blog\/#\/schema\/logo\/image\/","url":"https:\/\/factorial.es\/wp-content\/uploads\/2023\/07\/18155144\/factorial-logo.png","contentUrl":"https:\/\/factorial.es\/wp-content\/uploads\/2023\/07\/18155144\/factorial-logo.png","width":946,"height":880,"caption":"All-in-one business management software - Factorial"},"image":{"@id":"https:\/\/factorial.es\/blog\/#\/schema\/logo\/image\/"},"sameAs":["https:\/\/www.facebook.com\/people\/Factorial\/100064908455810\/","https:\/\/twitter.com\/factorialapp","https:\/\/www.linkedin.com\/company\/factorialhr","https:\/\/www.youtube.com\/@factorialmedia","https:\/\/www.instagram.com\/factorial\/#"]},{"@type":"Person","@id":"https:\/\/factorial.es\/blog\/#\/schema\/person\/ca1c540ca3522d662776de3c12086014","name":"Victor Manuel Romero","image":{"@type":"ImageObject","inLanguage":"es","@id":"https:\/\/factorial.es\/blog\/#\/schema\/person\/image\/","url":"https:\/\/secure.gravatar.com\/avatar\/de5004985e1d390a1274cc2992bf9e3d?s=96&d=identicon&r=g","contentUrl":"https:\/\/secure.gravatar.com\/avatar\/de5004985e1d390a1274cc2992bf9e3d?s=96&d=identicon&r=g","caption":"Victor Manuel Romero"},"url":"https:\/\/factorial.es\/blog\/author\/victor-manuel-romero\/"}]}},"_links":{"self":[{"href":"https:\/\/factorial.es\/blog\/wp-json\/wp\/v2\/posts\/106735"}],"collection":[{"href":"https:\/\/factorial.es\/blog\/wp-json\/wp\/v2\/posts"}],"about":[{"href":"https:\/\/factorial.es\/blog\/wp-json\/wp\/v2\/types\/post"}],"author":[{"embeddable":true,"href":"https:\/\/factorial.es\/blog\/wp-json\/wp\/v2\/users\/165"}],"replies":[{"embeddable":true,"href":"https:\/\/factorial.es\/blog\/wp-json\/wp\/v2\/comments?post=106735"}],"version-history":[{"count":9,"href":"https:\/\/factorial.es\/blog\/wp-json\/wp\/v2\/posts\/106735\/revisions"}],"predecessor-version":[{"id":179586,"href":"https:\/\/factorial.es\/blog\/wp-json\/wp\/v2\/posts\/106735\/revisions\/179586"}],"wp:featuredmedia":[{"embeddable":true,"href":"https:\/\/factorial.es\/blog\/wp-json\/wp\/v2\/media\/106741"}],"wp:attachment":[{"href":"https:\/\/factorial.es\/blog\/wp-json\/wp\/v2\/media?parent=106735"}],"wp:term":[{"taxonomy":"category","embeddable":true,"href":"https:\/\/factorial.es\/blog\/wp-json\/wp\/v2\/categories?post=106735"},{"taxonomy":"post_tag","embeddable":true,"href":"https:\/\/factorial.es\/blog\/wp-json\/wp\/v2\/tags?post=106735"}],"curies":[{"name":"wp","href":"https:\/\/api.w.org\/{rel}","templated":true}]}}