{"id":140836,"date":"2024-10-01T07:00:31","date_gmt":"2024-10-01T05:00:31","guid":{"rendered":"https:\/\/factorialhr.com\/blog\/?p=140836"},"modified":"2025-02-10T04:12:27","modified_gmt":"2025-02-10T02:12:27","slug":"preocupaciones-por-trabajo-quitan-sueno","status":"publish","type":"post","link":"https:\/\/factorial.es\/blog\/preocupaciones-por-trabajo-quitan-sueno\/","title":{"rendered":"Las preocupaciones por el trabajo quitan el sue\u00f1o a 3 de cada 4 personas"},"content":{"rendered":"<p><span style=\"font-weight: 400;\">Hay pesadillas que solo se viven con los ojos abiertos. Son las que m\u00e1s miedo generan, esas que no te dejan descansar, pero que te acompa\u00f1an d\u00eda tras d\u00eda hasta la extenuaci\u00f3n. Hasta que no puedes m\u00e1s y no sabes qu\u00e9 hacer. Te persiguen hasta que ganan, y al final terminas perdiendo el sue\u00f1o. Tu sue\u00f1o.<\/span><\/p>\n<p><strong>Tabla de contenidos:<\/strong><\/p>\n<ul>\n<li><a href=\"#fantasma-desorganizacion\">El fantasma de la desorganizaci\u00f3n<\/a><\/li>\n<li><a href=\"#estancamiento-profesional\">El estancamiento profesional, una pesadilla silenciosa<\/a><\/li>\n<li><a href=\"#estres-monstruo-imparable\">La pesadilla del estr\u00e9s laboral: c\u00f3mo convertirte en un cazador de problemas<\/a><\/li>\n<li><a href=\"https:\/\/factorial.es\/solicitar-demo\">Supera el estr\u00e9s laboral de tu equipo con Factorial \ud83d\ude80<\/a><\/li>\n<\/ul>\n<p><strong>El 75% de las personas afirma que las preocupaciones laborales no les dejan dormir bien<\/strong>. Los datos de nuestra encuesta lo dejan claro: m\u00e1s del 58% de los encuestados afirman que el caos en su d\u00eda a d\u00eda es uno de esos malos sue\u00f1os que les atormenta a diario. Otro, es el fantasma del estancamiento laboral, que ya acompa\u00f1a al 24% de las personas encuestadas.<\/p>\n<p>Y como llega Halloween, hab\u00eda que hablar de todas estas pesadillas. Ponerles cara para enfrentarse a ellas. Y vamos a hacerlo.<\/p>\n<p><a href=\"https:\/\/factorial.es\/ebooks\/guia-gestion-estres-trabajo\"><img decoding=\"async\" class=\"alignnone wp-image-141430 size-full\" src=\"https:\/\/factorial.es\/wp-content\/uploads\/2024\/10\/03134836\/kit-para-que-el-trabajo-no-te-de-pesadillas-banner-2.jpg\" alt=\"3 de cada 4 personas pierden el sue\u00f1o por el trabajo\" width=\"1000\" height=\"407\" srcset=\"https:\/\/factorial.es\/wp-content\/uploads\/2024\/10\/03134836\/kit-para-que-el-trabajo-no-te-de-pesadillas-banner-2.jpg 1000w, https:\/\/factorial.es\/wp-content\/uploads\/2024\/10\/03134836\/kit-para-que-el-trabajo-no-te-de-pesadillas-banner-2-300x122.jpg 300w, https:\/\/factorial.es\/wp-content\/uploads\/2024\/10\/03134836\/kit-para-que-el-trabajo-no-te-de-pesadillas-banner-2-768x313.jpg 768w\" sizes=\"(max-width: 1000px) 100vw, 1000px\" \/><\/a><\/p>\n<h2 id=\"fantasma-desorganizacion\"><b>El fantasma de la desorganizaci\u00f3n<\/b><\/h2>\n<p><span style=\"font-weight: 400;\">\u00bfHas pensado cuales son las causas que hacen que tu equipo se sienta desbordado? Uno de los principales factores que influyen en el estr\u00e9s y el malestar laboral es la <\/span><b>falta de estructura interna<\/b><span style=\"font-weight: 400;\">. En un entorno ca\u00f3tico y sin control, las personas se sienten desbordadas, lo que repercute negativamente tanto en su desempe\u00f1o como en su salud mental. <\/span><\/p>\n<p><span style=\"font-weight: 400;\">S\u00famale la desorganizaci\u00f3n y tendr\u00e1s una situaci\u00f3n aterradora: baja productividad, mal ambiente y una cultura laboral da\u00f1ada. Y es que los n\u00fameros asustan, casi tanto como un fantasma: el <\/span><b>58.3%<\/b><span style=\"font-weight: 400;\"> de los empleados admiti\u00f3 que <\/span><a href=\"https:\/\/www.youtube.com\/watch?v=Eqhm1MiA3EA\"><b>la desorganizaci\u00f3n les roba la paz<\/b><\/a><span style=\"font-weight: 400;\"> y el descanso.<\/span><\/p>\n<p><iframe title=\"YouTube video player\" src=\"https:\/\/www.youtube.com\/embed\/xvI1BQfSW7s?si=FDsS0eOD5VXLskY3\" width=\"560\" height=\"315\" frameborder=\"0\" allowfullscreen=\"allowfullscreen\"><\/iframe><\/p>\n<h2 id=\"estancamiento-profesional\"><strong>El estancamiento profesional, una pesadilla silenciosa<\/strong><\/h2>\n<p>Si algo quita el sue\u00f1o de verdad, es el futuro. Porque no podemos controlarlo. Y muchas veces tampoco depende de uno mismo. Por eso el<span style=\"font-weight: 400;\">\u00a0<\/span><b>24%<\/b><span style=\"font-weight: 400;\"> de los encuestados afirm\u00f3 que el <strong>estancamiento en su carrera profesional<\/strong> es otra de las grandes preocupaciones que les desvela por las noches. <\/span><\/p>\n<p>Porque la motivaci\u00f3n es la consecuencia de un conjunto de factores muy diversos en los que el futuro juega un papel clave. Sin expectativas de un futuro mejor, la motivaci\u00f3n comienza a agotarse noche tras noche, igual que el sue\u00f1o. Esta es la realidad de miles y miles de personas en su d\u00eda a d\u00eda.<\/p>\n<p><img decoding=\"async\" class=\"alignnone wp-image-140861\" src=\"https:\/\/factorial.es\/wp-content\/uploads\/2024\/09\/23153733\/Grafico-de-ascenso.jpg\" alt=\"Grafico-de-ascenso\" width=\"567\" height=\"533\" srcset=\"https:\/\/factorial.es\/wp-content\/uploads\/2024\/09\/23153733\/Grafico-de-ascenso.jpg 1700w, https:\/\/factorial.es\/wp-content\/uploads\/2024\/09\/23153733\/Grafico-de-ascenso-300x282.jpg 300w, https:\/\/factorial.es\/wp-content\/uploads\/2024\/09\/23153733\/Grafico-de-ascenso-1024x963.jpg 1024w, https:\/\/factorial.es\/wp-content\/uploads\/2024\/09\/23153733\/Grafico-de-ascenso-768x722.jpg 768w, https:\/\/factorial.es\/wp-content\/uploads\/2024\/09\/23153733\/Grafico-de-ascenso-1536x1445.jpg 1536w\" sizes=\"(max-width: 567px) 100vw, 567px\" \/><\/p>\n<h2 id=\"estres-monstruo-imparable\">La pesadilla del estr\u00e9s laboral: c\u00f3mo convertirte en un cazador de problemas<\/h2>\n<p><span style=\"font-weight: 400;\">M\u00e1s de 6 de cada 10 encuestados son l\u00edderes de equipo, pero sufren los mismos problemas que el resto: <strong>el estr\u00e9s<\/strong><\/span><b>\u00a0es la emoci\u00f3n predominante en el entorno laboral<\/b><span style=\"font-weight: 400;\">. El 31.9<\/span><span style=\"font-weight: 400;\">% de los managers lo reportan como su emoci\u00f3n m\u00e1s frecuente, seguido de la falta de motivaci\u00f3n (29.8%) y la preocupaci\u00f3n (22%). La presi\u00f3n en el trabajo no distingue cargos ni responsabilidades, sino que afecta a todos en mayor o menos medida.<\/span><\/p>\n<p><span style=\"font-weight: 400;\">La <\/span><b>gesti\u00f3n de la burocracia<\/b><span style=\"font-weight: 400;\">\u00a0(32.6%) y la <\/span><b>organizaci\u00f3n de proyectos<\/b><span style=\"font-weight: 400;\"> (31.2%) son las tareas que consumen m\u00e1s tiempo tanto para managers como para empleados. Terror\u00edfico. Aunque esta realidad, m\u00e1s all\u00e1 de aumentar la carga laboral, presenta una gran oportunidad: la automatizaci\u00f3n de estos procesos podr\u00eda aumentar significativamente la eficiencia del equipo, lo que liberar\u00eda tiempo para actividades m\u00e1s estrat\u00e9gicas.<\/span><\/p>\n<p><b>El 82.9%<\/b><span style=\"font-weight: 400;\"> de las personas encuestadas afirman que su nivel de estr\u00e9s aumentar\u00eda si no contaran con herramientas de organizaci\u00f3n como<strong> <a href=\"https:\/\/factorial.es\/solicitar-demo\">Factorial<\/a> para gestionar sus tareas diarias<\/strong>. \u00bfSabes por qu\u00e9? Porque Factorial automatiza las tareas manuales, reduce el papeleo y las tareas repetitivas.<\/span><\/p>\n<p>No podremos devolverte tus horas de sue\u00f1o, pero s\u00ed ahuyentar a las pesadillas.<\/p>\n","protected":false},"excerpt":{"rendered":"<p>Hay pesadillas que solo se viven con los ojos abiertos. Son las que m\u00e1s miedo generan, esas que no te dejan descansar, pero que te acompa\u00f1an d\u00eda tras d\u00eda hasta la extenuaci\u00f3n. Hasta que no puedes m\u00e1s y no sabes qu\u00e9 hacer. Te persiguen hasta que ganan, y al final terminas perdiendo el sue\u00f1o. Tu<a href=\"https:\/\/factorial.es\/blog\/preocupaciones-por-trabajo-quitan-sueno\/\" class=\"read-more\"> [&#8230;]<\/a><\/p>\n","protected":false},"author":272,"featured_media":141431,"comment_status":"closed","ping_status":"closed","sticky":false,"template":"","format":"standard","meta":{"_acf_changed":false,"footnotes":""},"categories":[840,836],"tags":[],"class_list":["post-140836","post","type-post","status-publish","format-standard","has-post-thumbnail","hentry","category-clima-laboral","category-gestion-de-talento"],"acf":{"topics":"no-topic"},"yoast_head":"<!-- This site is optimized with the Yoast SEO Premium plugin v21.5 (Yoast SEO v21.9.1) - https:\/\/yoast.com\/wordpress\/plugins\/seo\/ -->\n<title>Pesadillas con el Trabajo: Causas y C\u00f3mo Superarlas \ud83d\udecf\ufe0f<\/title>\n<meta name=\"description\" content=\"Descubre por qu\u00e9 ocurren las pesadillas con el trabajo, sus posibles causas y c\u00f3mo gestionarlas para mejorar tu bienestar y descanso.\" \/>\n<meta name=\"robots\" content=\"index, follow, max-snippet:-1, max-image-preview:large, max-video-preview:-1\" \/>\n<link rel=\"canonical\" href=\"https:\/\/factorial.es\/blog\/preocupaciones-por-trabajo-quitan-sueno\/\" \/>\n<meta property=\"og:locale\" content=\"es_ES\" \/>\n<meta property=\"og:type\" content=\"article\" \/>\n<meta property=\"og:title\" content=\"Las preocupaciones por el trabajo quitan el sue\u00f1o a 3 de cada 4 personas\" \/>\n<meta property=\"og:description\" content=\"Descubre por qu\u00e9 ocurren las pesadillas con el trabajo, sus posibles causas y c\u00f3mo gestionarlas para mejorar tu bienestar y descanso.\" \/>\n<meta property=\"og:url\" content=\"https:\/\/factorial.es\/blog\/preocupaciones-por-trabajo-quitan-sueno\/\" \/>\n<meta property=\"og:site_name\" content=\"Factorial\" \/>\n<meta property=\"article:publisher\" content=\"https:\/\/www.facebook.com\/people\/Factorial\/100064908455810\/\" \/>\n<meta property=\"article:published_time\" content=\"2024-10-01T05:00:31+00:00\" \/>\n<meta property=\"article:modified_time\" content=\"2025-02-10T02:12:27+00:00\" \/>\n<meta property=\"og:image\" content=\"https:\/\/factorial.es\/wp-content\/uploads\/2024\/10\/03140600\/3-de-cada-4-personas-pierden-el-sueno-por-el-trabajo.jpg\" \/>\n\t<meta property=\"og:image:width\" content=\"1800\" \/>\n\t<meta property=\"og:image:height\" content=\"976\" \/>\n\t<meta property=\"og:image:type\" content=\"image\/jpeg\" \/>\n<meta name=\"author\" content=\"Melanie Martinez\" \/>\n<meta name=\"twitter:card\" content=\"summary_large_image\" \/>\n<meta name=\"twitter:creator\" content=\"@factorialapp\" \/>\n<meta name=\"twitter:site\" content=\"@factorialapp\" \/>\n<meta name=\"twitter:label1\" content=\"Written by\" \/>\n\t<meta name=\"twitter:data1\" content=\"Melanie Martinez\" \/>\n\t<meta name=\"twitter:label2\" content=\"Est. reading time\" \/>\n\t<meta name=\"twitter:data2\" content=\"4 minutes\" \/>\n<script type=\"application\/ld+json\" class=\"yoast-schema-graph\">{\"@context\":\"https:\/\/schema.org\",\"@graph\":[{\"@type\":\"NewsArticle\",\"@id\":\"https:\/\/factorial.es\/blog\/preocupaciones-por-trabajo-quitan-sueno\/#article\",\"isPartOf\":{\"@id\":\"https:\/\/factorial.es\/blog\/preocupaciones-por-trabajo-quitan-sueno\/\"},\"author\":{\"name\":\"Melanie Martinez\",\"@id\":\"https:\/\/factorial.es\/blog\/#\/schema\/person\/f08241bda0ec657b7180d2994100c902\"},\"headline\":\"Las preocupaciones por el trabajo quitan el sue\u00f1o a 3 de cada 4 personas\",\"datePublished\":\"2024-10-01T05:00:31+00:00\",\"dateModified\":\"2025-02-10T02:12:27+00:00\",\"mainEntityOfPage\":{\"@id\":\"https:\/\/factorial.es\/blog\/preocupaciones-por-trabajo-quitan-sueno\/\"},\"wordCount\":655,\"publisher\":{\"@id\":\"https:\/\/factorial.es\/blog\/#organization\"},\"articleSection\":[\"Clima laboral\",\"Gesti\u00f3n de talento\"],\"inLanguage\":\"es\"},{\"@type\":\"WebPage\",\"@id\":\"https:\/\/factorial.es\/blog\/preocupaciones-por-trabajo-quitan-sueno\/\",\"url\":\"https:\/\/factorial.es\/blog\/preocupaciones-por-trabajo-quitan-sueno\/\",\"name\":\"Pesadillas con el Trabajo: Causas y C\u00f3mo Superarlas \ud83d\udecf\ufe0f\",\"isPartOf\":{\"@id\":\"https:\/\/factorial.es\/blog\/#website\"},\"datePublished\":\"2024-10-01T05:00:31+00:00\",\"dateModified\":\"2025-02-10T02:12:27+00:00\",\"description\":\"Descubre por qu\u00e9 ocurren las pesadillas con el trabajo, sus posibles causas y c\u00f3mo gestionarlas para mejorar tu bienestar y descanso.\",\"inLanguage\":\"es\",\"potentialAction\":[{\"@type\":\"ReadAction\",\"target\":[\"https:\/\/factorial.es\/blog\/preocupaciones-por-trabajo-quitan-sueno\/\"]}]},{\"@type\":\"WebSite\",\"@id\":\"https:\/\/factorial.es\/blog\/#website\",\"url\":\"https:\/\/factorial.es\/blog\/\",\"name\":\"Factorial\",\"description\":\"\",\"publisher\":{\"@id\":\"https:\/\/factorial.es\/blog\/#organization\"},\"potentialAction\":[{\"@type\":\"SearchAction\",\"target\":{\"@type\":\"EntryPoint\",\"urlTemplate\":\"https:\/\/factorial.es\/blog\/?s={search_term_string}\"},\"query-input\":\"required name=search_term_string\"}],\"inLanguage\":\"es\"},{\"@type\":\"Organization\",\"@id\":\"https:\/\/factorial.es\/blog\/#organization\",\"name\":\"All-in-one business management software - Factorial\",\"url\":\"https:\/\/factorial.es\/blog\/\",\"logo\":{\"@type\":\"ImageObject\",\"inLanguage\":\"es\",\"@id\":\"https:\/\/factorial.es\/blog\/#\/schema\/logo\/image\/\",\"url\":\"https:\/\/factorial.es\/wp-content\/uploads\/2023\/07\/18155144\/factorial-logo.png\",\"contentUrl\":\"https:\/\/factorial.es\/wp-content\/uploads\/2023\/07\/18155144\/factorial-logo.png\",\"width\":946,\"height\":880,\"caption\":\"All-in-one business management software - Factorial\"},\"image\":{\"@id\":\"https:\/\/factorial.es\/blog\/#\/schema\/logo\/image\/\"},\"sameAs\":[\"https:\/\/www.facebook.com\/people\/Factorial\/100064908455810\/\",\"https:\/\/twitter.com\/factorialapp\",\"https:\/\/www.linkedin.com\/company\/factorialhr\",\"https:\/\/www.youtube.com\/@factorialmedia\",\"https:\/\/www.instagram.com\/factorial\/#\"]},{\"@type\":\"Person\",\"@id\":\"https:\/\/factorial.es\/blog\/#\/schema\/person\/f08241bda0ec657b7180d2994100c902\",\"name\":\"Melanie Martinez\",\"image\":{\"@type\":\"ImageObject\",\"inLanguage\":\"es\",\"@id\":\"https:\/\/factorial.es\/blog\/#\/schema\/person\/image\/\",\"url\":\"https:\/\/secure.gravatar.com\/avatar\/592a4300f269442edfc2cc61884b0310?s=96&d=identicon&r=g\",\"contentUrl\":\"https:\/\/secure.gravatar.com\/avatar\/592a4300f269442edfc2cc61884b0310?s=96&d=identicon&r=g\",\"caption\":\"Melanie Martinez\"},\"description\":\"Trabajo en la creaci\u00f3n de contenidos SEO y escritura creativa. Amante de los viajes, la comida, el deporte y de todo lo que vale la pena contar.\",\"sameAs\":[\"https:\/\/www.instagram.com\/melaniesofi4\/\",\"https:\/\/www.linkedin.com\/in\/melanie-martinez-64483520b\/\"],\"url\":\"https:\/\/factorial.es\/blog\/author\/melanie-martinez\/\"}]}<\/script>\n<!-- \/ Yoast SEO Premium plugin. -->","yoast_head_json":{"title":"Pesadillas con el Trabajo: Causas y C\u00f3mo Superarlas \ud83d\udecf\ufe0f","description":"Descubre por qu\u00e9 ocurren las pesadillas con el trabajo, sus posibles causas y c\u00f3mo gestionarlas para mejorar tu bienestar y descanso.","robots":{"index":"index","follow":"follow","max-snippet":"max-snippet:-1","max-image-preview":"max-image-preview:large","max-video-preview":"max-video-preview:-1"},"canonical":"https:\/\/factorial.es\/blog\/preocupaciones-por-trabajo-quitan-sueno\/","og_locale":"es_ES","og_type":"article","og_title":"Las preocupaciones por el trabajo quitan el sue\u00f1o a 3 de cada 4 personas","og_description":"Descubre por qu\u00e9 ocurren las pesadillas con el trabajo, sus posibles causas y c\u00f3mo gestionarlas para mejorar tu bienestar y descanso.","og_url":"https:\/\/factorial.es\/blog\/preocupaciones-por-trabajo-quitan-sueno\/","og_site_name":"Factorial","article_publisher":"https:\/\/www.facebook.com\/people\/Factorial\/100064908455810\/","article_published_time":"2024-10-01T05:00:31+00:00","article_modified_time":"2025-02-10T02:12:27+00:00","og_image":[{"width":1800,"height":976,"url":"https:\/\/factorial.es\/wp-content\/uploads\/2024\/10\/03140600\/3-de-cada-4-personas-pierden-el-sueno-por-el-trabajo.jpg","type":"image\/jpeg"}],"author":"Melanie Martinez","twitter_card":"summary_large_image","twitter_creator":"@factorialapp","twitter_site":"@factorialapp","twitter_misc":{"Written by":"Melanie Martinez","Est. reading time":"4 minutes"},"schema":{"@context":"https:\/\/schema.org","@graph":[{"@type":"NewsArticle","@id":"https:\/\/factorial.es\/blog\/preocupaciones-por-trabajo-quitan-sueno\/#article","isPartOf":{"@id":"https:\/\/factorial.es\/blog\/preocupaciones-por-trabajo-quitan-sueno\/"},"author":{"name":"Melanie Martinez","@id":"https:\/\/factorial.es\/blog\/#\/schema\/person\/f08241bda0ec657b7180d2994100c902"},"headline":"Las preocupaciones por el trabajo quitan el sue\u00f1o a 3 de cada 4 personas","datePublished":"2024-10-01T05:00:31+00:00","dateModified":"2025-02-10T02:12:27+00:00","mainEntityOfPage":{"@id":"https:\/\/factorial.es\/blog\/preocupaciones-por-trabajo-quitan-sueno\/"},"wordCount":655,"publisher":{"@id":"https:\/\/factorial.es\/blog\/#organization"},"articleSection":["Clima laboral","Gesti\u00f3n de talento"],"inLanguage":"es"},{"@type":"WebPage","@id":"https:\/\/factorial.es\/blog\/preocupaciones-por-trabajo-quitan-sueno\/","url":"https:\/\/factorial.es\/blog\/preocupaciones-por-trabajo-quitan-sueno\/","name":"Pesadillas con el Trabajo: Causas y C\u00f3mo Superarlas \ud83d\udecf\ufe0f","isPartOf":{"@id":"https:\/\/factorial.es\/blog\/#website"},"datePublished":"2024-10-01T05:00:31+00:00","dateModified":"2025-02-10T02:12:27+00:00","description":"Descubre por qu\u00e9 ocurren las pesadillas con el trabajo, sus posibles causas y c\u00f3mo gestionarlas para mejorar tu bienestar y descanso.","inLanguage":"es","potentialAction":[{"@type":"ReadAction","target":["https:\/\/factorial.es\/blog\/preocupaciones-por-trabajo-quitan-sueno\/"]}]},{"@type":"WebSite","@id":"https:\/\/factorial.es\/blog\/#website","url":"https:\/\/factorial.es\/blog\/","name":"Factorial","description":"","publisher":{"@id":"https:\/\/factorial.es\/blog\/#organization"},"potentialAction":[{"@type":"SearchAction","target":{"@type":"EntryPoint","urlTemplate":"https:\/\/factorial.es\/blog\/?s={search_term_string}"},"query-input":"required name=search_term_string"}],"inLanguage":"es"},{"@type":"Organization","@id":"https:\/\/factorial.es\/blog\/#organization","name":"All-in-one business management software - Factorial","url":"https:\/\/factorial.es\/blog\/","logo":{"@type":"ImageObject","inLanguage":"es","@id":"https:\/\/factorial.es\/blog\/#\/schema\/logo\/image\/","url":"https:\/\/factorial.es\/wp-content\/uploads\/2023\/07\/18155144\/factorial-logo.png","contentUrl":"https:\/\/factorial.es\/wp-content\/uploads\/2023\/07\/18155144\/factorial-logo.png","width":946,"height":880,"caption":"All-in-one business management software - Factorial"},"image":{"@id":"https:\/\/factorial.es\/blog\/#\/schema\/logo\/image\/"},"sameAs":["https:\/\/www.facebook.com\/people\/Factorial\/100064908455810\/","https:\/\/twitter.com\/factorialapp","https:\/\/www.linkedin.com\/company\/factorialhr","https:\/\/www.youtube.com\/@factorialmedia","https:\/\/www.instagram.com\/factorial\/#"]},{"@type":"Person","@id":"https:\/\/factorial.es\/blog\/#\/schema\/person\/f08241bda0ec657b7180d2994100c902","name":"Melanie Martinez","image":{"@type":"ImageObject","inLanguage":"es","@id":"https:\/\/factorial.es\/blog\/#\/schema\/person\/image\/","url":"https:\/\/secure.gravatar.com\/avatar\/592a4300f269442edfc2cc61884b0310?s=96&d=identicon&r=g","contentUrl":"https:\/\/secure.gravatar.com\/avatar\/592a4300f269442edfc2cc61884b0310?s=96&d=identicon&r=g","caption":"Melanie Martinez"},"description":"Trabajo en la creaci\u00f3n de contenidos SEO y escritura creativa. Amante de los viajes, la comida, el deporte y de todo lo que vale la pena contar.","sameAs":["https:\/\/www.instagram.com\/melaniesofi4\/","https:\/\/www.linkedin.com\/in\/melanie-martinez-64483520b\/"],"url":"https:\/\/factorial.es\/blog\/author\/melanie-martinez\/"}]}},"_links":{"self":[{"href":"https:\/\/factorial.es\/blog\/wp-json\/wp\/v2\/posts\/140836"}],"collection":[{"href":"https:\/\/factorial.es\/blog\/wp-json\/wp\/v2\/posts"}],"about":[{"href":"https:\/\/factorial.es\/blog\/wp-json\/wp\/v2\/types\/post"}],"author":[{"embeddable":true,"href":"https:\/\/factorial.es\/blog\/wp-json\/wp\/v2\/users\/272"}],"replies":[{"embeddable":true,"href":"https:\/\/factorial.es\/blog\/wp-json\/wp\/v2\/comments?post=140836"}],"version-history":[{"count":29,"href":"https:\/\/factorial.es\/blog\/wp-json\/wp\/v2\/posts\/140836\/revisions"}],"predecessor-version":[{"id":151438,"href":"https:\/\/factorial.es\/blog\/wp-json\/wp\/v2\/posts\/140836\/revisions\/151438"}],"wp:featuredmedia":[{"embeddable":true,"href":"https:\/\/factorial.es\/blog\/wp-json\/wp\/v2\/media\/141431"}],"wp:attachment":[{"href":"https:\/\/factorial.es\/blog\/wp-json\/wp\/v2\/media?parent=140836"}],"wp:term":[{"taxonomy":"category","embeddable":true,"href":"https:\/\/factorial.es\/blog\/wp-json\/wp\/v2\/categories?post=140836"},{"taxonomy":"post_tag","embeddable":true,"href":"https:\/\/factorial.es\/blog\/wp-json\/wp\/v2\/tags?post=140836"}],"curies":[{"name":"wp","href":"https:\/\/api.w.org\/{rel}","templated":true}]}}