{"id":183756,"date":"2026-03-16T18:49:31","date_gmt":"2026-03-16T16:49:31","guid":{"rendered":"https:\/\/factorialhr.com\/blog\/?p=183756"},"modified":"2026-04-21T19:11:43","modified_gmt":"2026-04-21T17:11:43","slug":"entrada-vigor-nis2","status":"publish","type":"post","link":"https:\/\/factorial.es\/blog\/entrada-vigor-nis2\/","title":{"rendered":"\u00bfCu\u00e1ndo entra en vigor la directiva NIS2 en Espa\u00f1a?"},"content":{"rendered":"<p><span style=\"font-weight: 400;\">La ciberseguridad se ha convertido en una prioridad para las empresas europeas debido al aumento de ciberataques y las nuevas exigencias regulatorias. En este sentido,<\/span><b> la nueva directiva NIS2 de la UE establece nuevas obligaciones <\/b><span style=\"font-weight: 400;\">m\u00e1s estrictas para la protecci\u00f3n digital de sectores clave<\/span><\/p>\n<p><span style=\"font-weight: 400;\">Sin embargo, muchas organizaciones se preguntan <\/span><b>cu\u00e1ndo entra realmente en vigor la NIS2 en Espa\u00f1a<\/b><span style=\"font-weight: 400;\"> y desde qu\u00e9 momento deben empezar a adaptarse. En este art\u00edculo repasamos las fechas clave y lo que debes tener en cuenta para prepararte a tiempo.<\/span><\/p>\n<h2><b>\u00bfQu\u00e9 es y por qu\u00e9 es importante la directiva NIS2?<\/b><\/h2>\n<p><span style=\"font-weight: 400;\">La <\/span><a href=\"https:\/\/factorial.es\/blog\/nis2-espana\/\"><span style=\"font-weight: 400;\">directiva NIS2<\/span><\/a><span style=\"font-weight: 400;\"> es la normativa europea m\u00e1s ambiciosa hasta la fecha en materia de ciberseguridad. Nace como<\/span><b> una evoluci\u00f3n necesaria de la directiva NIS1<\/b><span style=\"font-weight: 400;\"> de 2016, impulsada por el acelerado proceso de digitalizaci\u00f3n y el aumento exponencial de los ciberataques a nivel mundial.\u00a0<\/span><\/p>\n<p><span style=\"font-weight: 400;\">Su principal objetivo es <\/span><b>crear un escudo com\u00fan y robusto para proteger las infraestructuras y servicios vitales<\/b><span style=\"font-weight: 400;\"> de todos los Estados miembros de la Uni\u00f3n Europea.<\/span><\/p>\n<p><span style=\"font-weight: 400;\">Pero, <\/span><b>\u00bfpor qu\u00e9 es tan importante para el tejido empresarial?<\/b><span style=\"font-weight: 400;\"> Su impacto y relevancia se resumen en los siguientes puntos clave:<\/span><\/p>\n<ul>\n<li style=\"font-weight: 400;\" aria-level=\"1\"><b>M\u00e1s sectores obligados: <\/b><span style=\"font-weight: 400;\">la norma ya no afecta solo a operadores cr\u00edticos como banca, energ\u00eda o sanidad. Ahora incluye muchos m\u00e1s \u00e1mbitos, como alimentaci\u00f3n, transporte, agua, residuos, servicios postales o ciertas industrias.<\/span><\/li>\n<li style=\"font-weight: 400;\" aria-level=\"1\"><b>Responsabilidad de la direcci\u00f3n: <\/b><span style=\"font-weight: 400;\">los altos directivos pasan a ser legalmente responsables de la gesti\u00f3n de los riesgos de ciberseguridad. Deja de ser un tema solo del departamento IT.<\/span><\/li>\n<li style=\"font-weight: 400;\" aria-level=\"1\"><b>Seguridad tambi\u00e9n en proveedores:<\/b><span style=\"font-weight: 400;\"> las empresas deben garantizar la ciberseguridad no solo de sus sistemas, sino tambi\u00e9n la de su cadena de suministro.<\/span><\/li>\n<li style=\"font-weight: 400;\" aria-level=\"1\"><b>Multas elevadas y avisos r\u00e1pidos: <\/b><span style=\"font-weight: 400;\">se establecen sanciones de hasta 10 millones de euros o el 2 % de la facturaci\u00f3n global anual, y la obligaci\u00f3n de notificar incidentes graves en un m\u00e1ximo de 24 horas.<\/span><\/li>\n<\/ul>\n<p><span style=\"font-weight: 400;\">\ud83d\udccc Descubre <a href=\"https:\/\/factorial.es\/blog\/a-quien-afecta-la-directiva-nis2-en-espana\/\">a qu\u00e9 empresas aplica la directiva NIS2<\/a>.<\/span><\/p>\n<h2><b>\u00bfCu\u00e1l es la fecha de entrada en Europa?<\/b><\/h2>\n<p><span style=\"font-weight: 400;\">Hablar de plazos con la directiva NIS2 requiere hacer una distinci\u00f3n importante entre el calendario oficial marcado por Europa y la realidad legislativa de cada Estado miembro.<\/span><\/p>\n<p><span style=\"font-weight: 400;\">A nivel europeo, estas son las dos fechas clave que marcaron la hoja de ruta:<\/span><\/p>\n<ul>\n<li style=\"font-weight: 400;\" aria-level=\"1\"><b>16 de enero de 2023:<\/b><span style=\"font-weight: 400;\"> fue el d\u00eda en que la directiva entr\u00f3 en vigor tras su publicaci\u00f3n en el Diario Oficial de la Uni\u00f3n Europea. A partir de ese momento, el reloj empez\u00f3 a correr.<\/span><\/li>\n<li style=\"font-weight: 400;\" aria-level=\"1\"><b>17 de octubre de 2024:<\/b><span style=\"font-weight: 400;\"> esta era la fecha tope impuesta por la UE para que todos los Estados miembros aprobaran sus propias leyes nacionales adaptando la directiva. Al d\u00eda siguiente (18 de octubre de 2024), la antigua directiva NIS1 qued\u00f3 oficialmente derogada.<\/span><\/li>\n<\/ul>\n<h2><b>\u00bfCu\u00e1l es la fecha de entrada en Espa\u00f1a?<\/b><\/h2>\n<p><span style=\"font-weight: 400;\">Si buscas una fecha exacta en el calendario para marcarla en rojo,<\/span><b> la realidad es que la ley definitiva a\u00fan no ha entrado en vigor<\/b><span style=\"font-weight: 400;\">. Espa\u00f1a, al igual que la inmensa mayor\u00eda de los pa\u00edses de la Uni\u00f3n Europea, no logr\u00f3 llegar a tiempo a la fecha l\u00edmite impuesta por Bruselas para octubre de 2024.<\/span><\/p>\n<p><span style=\"font-weight: 400;\">Actualmente, nuestro pa\u00eds se encuentra en un periodo de transici\u00f3n. El Gobierno ya ha aprobado <a href=\"https:\/\/www.interior.gob.es\/opencms\/pdf\/servicios-al-ciudadano\/participacion-ciudadana\/Participacion-publica-en-proyectos-normativos\/Audiencia-e-informacion-publica\/01_2025_Anteproyecto_ley_coordinacion_gobernanza_ciberseguridad.pdf\" target=\"_blank\" rel=\"noopener\">el Anteproyecto de Ley<\/a> que adaptar\u00e1 la norma europea, pero<\/span><b> a\u00fan estamos a la espera de que termine su tramitaci\u00f3n parlamentaria <\/b><span style=\"font-weight: 400;\">y se publique de manera oficial en el Bolet\u00edn Oficial del Estado (BOE).<\/span><\/p>\n<p><span style=\"font-weight: 400;\">Sin embargo, el mensaje de las autoridades y expertos es que <\/span><b>este retraso legal no es una excusa para la inacci\u00f3n<\/b><span style=\"font-weight: 400;\">. Adaptar las infraestructuras de una empresa a los exigentes requisitos de la NIS2 (y auditar a toda su cadena de suministro) es un proceso que lleva meses. Las organizaciones que decidan esperar a la publicaci\u00f3n en el BOE se encontrar\u00e1n sin margen de maniobra y expuestas a sanciones millonarias desde el primer d\u00eda de su aplicaci\u00f3n.<\/span><\/p>\n<h2><b>Calendario de la NIS2 en Espa\u00f1a<\/b><\/h2>\n<p><span style=\"font-weight: 400;\">Para saber en qu\u00e9 fase est\u00e1 la NIS2 y qu\u00e9 pasos vienen a continuaci\u00f3n, conviene revisar<\/span><b> los principales hitos de esta normativa<\/b><span style=\"font-weight: 400;\">, desde su aprobaci\u00f3n por parte de la Uni\u00f3n Europea hasta su aplicaci\u00f3n efectiva en Espa\u00f1a.<\/span><\/p>\n<p><span style=\"font-weight: 400;\">Este es el calendario clave que toda empresa deber\u00eda tener presente:<\/span><\/p>\n<table>\n<tbody>\n<tr>\n<td><b>Fecha<\/b><\/td>\n<td><b>Hito Clave<\/b><\/td>\n<td><b>Descripci\u00f3n del evento<\/b><\/td>\n<\/tr>\n<tr>\n<td><b>16 de enero de 2023<\/b><\/td>\n<td><b>Entrada en vigor (Europa)<\/b><\/td>\n<td><span style=\"font-weight: 400;\">La Directiva NIS2 entra en vigor oficialmente tras su publicaci\u00f3n en el Diario Oficial de la Uni\u00f3n Europea (DOUE).<\/span><\/td>\n<\/tr>\n<tr>\n<td><b>17 de octubre de 2024<\/b><\/td>\n<td><b>Plazo incumplido<\/b><\/td>\n<td><span style=\"font-weight: 400;\">Fecha l\u00edmite impuesta por Europa para aprobar las leyes nacionales. Espa\u00f1a y la mayor\u00eda de Estados miembros no logran cumplirlo.<\/span><\/td>\n<\/tr>\n<tr>\n<td><b>14 de enero de 2025<\/b><\/td>\n<td><b>Aprobaci\u00f3n del Anteproyecto<\/b><\/td>\n<td><span style=\"font-weight: 400;\">El Consejo de Ministros aprueba el <\/span><i><span style=\"font-weight: 400;\">Anteproyecto de Ley de Coordinaci\u00f3n y Gobernanza de la Ciberseguridad<\/span><\/i><span style=\"font-weight: 400;\"> para transponer la directiva.<\/span><\/td>\n<\/tr>\n<tr>\n<td><b>10 de febrero de 2025<\/b><\/td>\n<td><b>Fin de audiencia p\u00fablica<\/b><\/td>\n<td><span style=\"font-weight: 400;\">Finaliza el plazo oficial para que el sector privado y organizaciones presenten sus alegaciones al texto del Gobierno.<\/span><\/td>\n<\/tr>\n<tr>\n<td><b>Actualidad (2026)<\/b><\/td>\n<td><b>Tramitaci\u00f3n final y BOE<\/b><\/td>\n<td><span style=\"font-weight: 400;\">Fase final de tramitaci\u00f3n parlamentaria. A la espera de la inminente aprobaci\u00f3n definitiva y su publicaci\u00f3n en el Bolet\u00edn Oficial del Estado (BOE).<\/span><\/td>\n<\/tr>\n<\/tbody>\n<\/table>\n<h2><b>Sanciones por incumplir la directiva NIS2<\/b><\/h2>\n<p><span style=\"font-weight: 400;\">Uno de los motivos por los que esta normativa ha encendido las alarmas en los consejos de administraci\u00f3n es su <a href=\"https:\/\/factorial.es\/blog\/sanciones-nis2\/\">estricto r\u00e9gimen sancionador<\/a>. Europa ha dejado claro que la ciberseguridad ya no es una simple recomendaci\u00f3n, sino una obligaci\u00f3n legal con consecuencias muy severas.<\/span><\/p>\n<p><span style=\"font-weight: 400;\">A grandes rasgos, enfrentarse a un incumplimiento de la NIS2 supone dos riesgos cr\u00edticos para las empresas:<\/span><\/p>\n<ul>\n<li style=\"font-weight: 400;\" aria-level=\"1\"><b>Multas econ\u00f3micas millonarias: <\/b><span style=\"font-weight: 400;\">dependiendo de si la entidad es catalogada como <a href=\"https:\/\/factorial.es\/blog\/empresas-esenciales-vs-importantes-nis2\/\">\u00abEsencial\u00bb o \u00abImportante\u00bb<\/a>, las multas pueden alcanzar hasta los 10 millones de euros (o el 2 % de la facturaci\u00f3n global anual) o los 7 millones de euros (o el 1,4 %), respectivamente.<\/span><\/li>\n<li style=\"font-weight: 400;\" aria-level=\"1\"><b>Responsabilidad de la alta direcci\u00f3n: <\/b><span style=\"font-weight: 400;\">es el gran cambio de paradigma. La normativa se\u00f1ala directamente a los directivos (C-level). Si se demuestra negligencia en la gesti\u00f3n del riesgo, pueden ser considerados personalmente responsables e incluso ser suspendidos temporalmente de sus funciones.<\/span><\/li>\n<\/ul>\n<p><span style=\"font-weight: 400;\">\ud83d\udccc Descubre <a href=\"https:\/\/factorial.es\/blog\/checklist-nis2\/\">el checklist de la NIS2<\/a> y analiza si tu empresa est\u00e1 preparada.<\/span><\/p>\n<h2><b>\u00bfC\u00f3mo Factorial IT te ayuda a cumplir con NIS2?<\/b><\/h2>\n<p><span style=\"font-weight: 400;\">La NIS2 obliga a las empresas a gestionar la ciberseguridad de forma continua, con controles claros, seguimiento de riesgos y capacidad para demostrar el cumplimiento. Esto implica controlar accesos, mantener inventarios actualizados, supervisar proveedores y reaccionar r\u00e1pido ante incidentes.<\/span><\/p>\n<p><span style=\"font-weight: 400;\">Con Factorial IT, estos requisitos se traducen en procesos simples y automatizados:<\/span><\/p>\n<ul>\n<li style=\"font-weight: 400;\" aria-level=\"1\"><b>Inventario y evaluaci\u00f3n de riesgos:<\/b><span style=\"font-weight: 400;\"> contamos con un inventario din\u00e1mico de dispositivos y su nivel de seguridad, accesible desde un panel central donde se puede ver qui\u00e9n utiliza cada equipo y si est\u00e1 actualizado, cifrado o alineado con los est\u00e1ndares. Cada activo queda vinculado a su usuario y a su ciclo de vida, lo que facilita controles peri\u00f3dicos y auditor\u00edas.<\/span><\/li>\n<li style=\"font-weight: 400;\" aria-level=\"1\"><b>Controles t\u00e9cnicos y gesti\u00f3n de accesos:<\/b><span style=\"font-weight: 400;\"> automatizamos la aplicaci\u00f3n de parches y el cifrado, detectamos posibles vulnerabilidades y fortalecemos la autenticaci\u00f3n mediante SSO y MFA con soluciones como Google Workspace, Microsoft Entra ID o Okta, asegurando que los sistemas cumplan los requisitos desde el inicio.<\/span><\/li>\n<li style=\"font-weight: 400;\" aria-level=\"1\"><b>Procesos seguros de altas y bajas:<\/b><span style=\"font-weight: 400;\"> integramos los movimientos de empleados con el \u00e1rea de RR. HH. para conceder o retirar accesos autom\u00e1ticamente, evitando cuentas inactivas y garantizando que los dispositivos se entreguen ya configurados conforme a las pol\u00edticas de seguridad.<\/span><\/li>\n<li style=\"font-weight: 400;\" aria-level=\"1\"><b>Gesti\u00f3n y respuesta ante incidentes:<\/b><span style=\"font-weight: 400;\"> proporcionamos funciones de bloqueo y borrado remoto, registro completo de acciones administrativas y herramientas de seguimiento de incidentes para permitir una reacci\u00f3n r\u00e1pida y una correcta trazabilidad.<\/span><\/li>\n<li style=\"font-weight: 400;\" aria-level=\"1\"><b>Supervisi\u00f3n de proveedores y auditor\u00eda: <\/b><span style=\"font-weight: 400;\">facilitamos la detecci\u00f3n de software o servicios no autorizados, la integraci\u00f3n de evidencias en plataformas de compliance como Vanta o Drata y la generaci\u00f3n autom\u00e1tica de registros listos para auditor\u00edas sin tareas manuales.<\/span><\/li>\n<\/ul>\n<div class=\"factorial-banner inline-banner banner-other category-nis2\"\n    data-banner-id=\"184512\"\n    data-banner-type=\"other\"\n    data-category=\"NIS2\">\n    <div class=\"banner-content\">\n        <div class=\"banner-text\">\n                            <h4>Prep\u00e1rate para NIS2 con m\u00e1s control y menos caos<\/h4>\n            \n                            <p>Centraliza dispositivos, accesos y procesos de IT en un solo lugar para reducir tareas manuales y ganar visibilidad operativa.<\/p>\n            \n                            <a href=\"https:\/\/factorial.es\/nis2-factorial-it#factorial-it-demo-form-nis2\"\n                    class=\"factorial-cta-button not-prose freebie\" data-cta=\"other\" data-cta-position=\"inline-banner\">\n                    Ver m\u00e1s                <\/a>\n                    <\/div>\n\n        <div class=\"banner-image has-image\">\n            <img decoding=\"async\" src=\"https:\/\/factorialhr.com\/wp-content\/uploads\/2026\/03\/25121110\/2.png\" class=\"not-prose\" \/>\n        <\/div>\n    <\/div>\n<\/div>\n","protected":false},"excerpt":{"rendered":"<p>La ciberseguridad se ha convertido en una prioridad para las empresas europeas debido al aumento de ciberataques y las nuevas exigencias regulatorias. En este sentido, la nueva directiva NIS2 de la UE establece nuevas obligaciones m\u00e1s estrictas para la protecci\u00f3n digital de sectores clave Sin embargo, muchas organizaciones se preguntan cu\u00e1ndo entra realmente en vigor<a href=\"https:\/\/factorial.es\/blog\/entrada-vigor-nis2\/\" class=\"read-more\"> [&#8230;]<\/a><\/p>\n","protected":false},"author":342,"featured_media":183760,"comment_status":"closed","ping_status":"closed","sticky":false,"template":"","format":"standard","meta":{"_acf_changed":false,"footnotes":""},"categories":[1057],"tags":[],"class_list":["post-183756","post","type-post","status-publish","format-standard","has-post-thumbnail","hentry","category-nis2-es"],"acf":{"topics":"factorial-it"},"yoast_head":"<!-- This site is optimized with the Yoast SEO Premium plugin v21.5 (Yoast SEO v21.9.1) - https:\/\/yoast.com\/wordpress\/plugins\/seo\/ -->\n<title>\u00bfCu\u00e1ndo entra en vigor la directiva NIS2 en Espa\u00f1a? | Factorial<\/title>\n<meta name=\"description\" content=\"\u00bfTienes dudas sobre la entrada en vigor de la directiva NIS2? Te explicamos todo lo que debes de saber. \u00a1Entra y desc\u00fabrelo!\" \/>\n<meta name=\"robots\" content=\"index, follow, max-snippet:-1, max-image-preview:large, max-video-preview:-1\" \/>\n<link rel=\"canonical\" href=\"https:\/\/factorial.es\/blog\/entrada-vigor-nis2\/\" \/>\n<meta property=\"og:locale\" content=\"es_ES\" \/>\n<meta property=\"og:type\" content=\"article\" \/>\n<meta property=\"og:title\" content=\"\u00bfCu\u00e1ndo entra en vigor la directiva NIS2 en Espa\u00f1a?\" \/>\n<meta property=\"og:description\" content=\"\u00bfTienes dudas sobre la entrada en vigor de la directiva NIS2? Te explicamos todo lo que debes de saber. \u00a1Entra y desc\u00fabrelo!\" \/>\n<meta property=\"og:url\" content=\"https:\/\/factorial.es\/blog\/entrada-vigor-nis2\/\" \/>\n<meta property=\"og:site_name\" content=\"Factorial\" \/>\n<meta property=\"article:publisher\" content=\"https:\/\/www.facebook.com\/people\/Factorial\/100064908455810\/\" \/>\n<meta property=\"article:published_time\" content=\"2026-03-16T16:49:31+00:00\" \/>\n<meta property=\"article:modified_time\" content=\"2026-04-21T17:11:43+00:00\" \/>\n<meta property=\"og:image\" content=\"https:\/\/factorial.es\/wp-content\/uploads\/2026\/03\/16184345\/directiva-nis2-vigor.png\" \/>\n\t<meta property=\"og:image:width\" content=\"1800\" \/>\n\t<meta property=\"og:image:height\" content=\"976\" \/>\n\t<meta property=\"og:image:type\" content=\"image\/png\" \/>\n<meta name=\"author\" content=\"Guillem Moreso\" \/>\n<meta name=\"twitter:card\" content=\"summary_large_image\" \/>\n<meta name=\"twitter:creator\" content=\"@factorialapp\" \/>\n<meta name=\"twitter:site\" content=\"@factorialapp\" \/>\n<meta name=\"twitter:label1\" content=\"Written by\" \/>\n\t<meta name=\"twitter:data1\" content=\"Guillem Moreso\" \/>\n\t<meta name=\"twitter:label2\" content=\"Est. reading time\" \/>\n\t<meta name=\"twitter:data2\" content=\"6 minutes\" \/>\n<script type=\"application\/ld+json\" class=\"yoast-schema-graph\">{\"@context\":\"https:\/\/schema.org\",\"@graph\":[{\"@type\":\"Article\",\"@id\":\"https:\/\/factorial.es\/blog\/entrada-vigor-nis2\/#article\",\"isPartOf\":{\"@id\":\"https:\/\/factorial.es\/blog\/entrada-vigor-nis2\/\"},\"author\":{\"name\":\"Guillem Moreso\",\"@id\":\"https:\/\/factorial.es\/blog\/#\/schema\/person\/045c1a6965ad29bbcdc0c9fd2e633f6b\"},\"headline\":\"\u00bfCu\u00e1ndo entra en vigor la directiva NIS2 en Espa\u00f1a?\",\"datePublished\":\"2026-03-16T16:49:31+00:00\",\"dateModified\":\"2026-04-21T17:11:43+00:00\",\"mainEntityOfPage\":{\"@id\":\"https:\/\/factorial.es\/blog\/entrada-vigor-nis2\/\"},\"wordCount\":1362,\"publisher\":{\"@id\":\"https:\/\/factorial.es\/blog\/#organization\"},\"articleSection\":[\"NIS2\"],\"inLanguage\":\"es\"},{\"@type\":\"WebPage\",\"@id\":\"https:\/\/factorial.es\/blog\/entrada-vigor-nis2\/\",\"url\":\"https:\/\/factorial.es\/blog\/entrada-vigor-nis2\/\",\"name\":\"\u00bfCu\u00e1ndo entra en vigor la directiva NIS2 en Espa\u00f1a? | Factorial\",\"isPartOf\":{\"@id\":\"https:\/\/factorial.es\/blog\/#website\"},\"datePublished\":\"2026-03-16T16:49:31+00:00\",\"dateModified\":\"2026-04-21T17:11:43+00:00\",\"description\":\"\u00bfTienes dudas sobre la entrada en vigor de la directiva NIS2? Te explicamos todo lo que debes de saber. \u00a1Entra y desc\u00fabrelo!\",\"inLanguage\":\"es\",\"potentialAction\":[{\"@type\":\"ReadAction\",\"target\":[\"https:\/\/factorial.es\/blog\/entrada-vigor-nis2\/\"]}]},{\"@type\":\"WebSite\",\"@id\":\"https:\/\/factorial.es\/blog\/#website\",\"url\":\"https:\/\/factorial.es\/blog\/\",\"name\":\"Factorial\",\"description\":\"\",\"publisher\":{\"@id\":\"https:\/\/factorial.es\/blog\/#organization\"},\"potentialAction\":[{\"@type\":\"SearchAction\",\"target\":{\"@type\":\"EntryPoint\",\"urlTemplate\":\"https:\/\/factorial.es\/blog\/?s={search_term_string}\"},\"query-input\":\"required name=search_term_string\"}],\"inLanguage\":\"es\"},{\"@type\":\"Organization\",\"@id\":\"https:\/\/factorial.es\/blog\/#organization\",\"name\":\"All-in-one business management software - Factorial\",\"url\":\"https:\/\/factorial.es\/blog\/\",\"logo\":{\"@type\":\"ImageObject\",\"inLanguage\":\"es\",\"@id\":\"https:\/\/factorial.es\/blog\/#\/schema\/logo\/image\/\",\"url\":\"https:\/\/factorial.es\/wp-content\/uploads\/2023\/07\/18155144\/factorial-logo.png\",\"contentUrl\":\"https:\/\/factorial.es\/wp-content\/uploads\/2023\/07\/18155144\/factorial-logo.png\",\"width\":946,\"height\":880,\"caption\":\"All-in-one business management software - Factorial\"},\"image\":{\"@id\":\"https:\/\/factorial.es\/blog\/#\/schema\/logo\/image\/\"},\"sameAs\":[\"https:\/\/www.facebook.com\/people\/Factorial\/100064908455810\/\",\"https:\/\/twitter.com\/factorialapp\",\"https:\/\/www.linkedin.com\/company\/factorialhr\",\"https:\/\/www.youtube.com\/@factorialmedia\",\"https:\/\/www.instagram.com\/factorial\/#\"]},{\"@type\":\"Person\",\"@id\":\"https:\/\/factorial.es\/blog\/#\/schema\/person\/045c1a6965ad29bbcdc0c9fd2e633f6b\",\"name\":\"Guillem Moreso\",\"image\":{\"@type\":\"ImageObject\",\"inLanguage\":\"es\",\"@id\":\"https:\/\/factorial.es\/blog\/#\/schema\/person\/image\/\",\"url\":\"https:\/\/secure.gravatar.com\/avatar\/893ff2445291136e03e30bca53145673?s=96&d=identicon&r=g\",\"contentUrl\":\"https:\/\/secure.gravatar.com\/avatar\/893ff2445291136e03e30bca53145673?s=96&d=identicon&r=g\",\"caption\":\"Guillem Moreso\"},\"description\":\"Passionate about helping companies simplify and modernize IT. I write about device management, SaaS, security, compliance, and the everyday challenges IT teams face.\",\"url\":\"https:\/\/factorial.es\/blog\/author\/guillem-moreso\/\"}]}<\/script>\n<!-- \/ Yoast SEO Premium plugin. -->","yoast_head_json":{"title":"\u00bfCu\u00e1ndo entra en vigor la directiva NIS2 en Espa\u00f1a? | Factorial","description":"\u00bfTienes dudas sobre la entrada en vigor de la directiva NIS2? Te explicamos todo lo que debes de saber. \u00a1Entra y desc\u00fabrelo!","robots":{"index":"index","follow":"follow","max-snippet":"max-snippet:-1","max-image-preview":"max-image-preview:large","max-video-preview":"max-video-preview:-1"},"canonical":"https:\/\/factorial.es\/blog\/entrada-vigor-nis2\/","og_locale":"es_ES","og_type":"article","og_title":"\u00bfCu\u00e1ndo entra en vigor la directiva NIS2 en Espa\u00f1a?","og_description":"\u00bfTienes dudas sobre la entrada en vigor de la directiva NIS2? Te explicamos todo lo que debes de saber. \u00a1Entra y desc\u00fabrelo!","og_url":"https:\/\/factorial.es\/blog\/entrada-vigor-nis2\/","og_site_name":"Factorial","article_publisher":"https:\/\/www.facebook.com\/people\/Factorial\/100064908455810\/","article_published_time":"2026-03-16T16:49:31+00:00","article_modified_time":"2026-04-21T17:11:43+00:00","og_image":[{"width":1800,"height":976,"url":"https:\/\/factorial.es\/wp-content\/uploads\/2026\/03\/16184345\/directiva-nis2-vigor.png","type":"image\/png"}],"author":"Guillem Moreso","twitter_card":"summary_large_image","twitter_creator":"@factorialapp","twitter_site":"@factorialapp","twitter_misc":{"Written by":"Guillem Moreso","Est. reading time":"6 minutes"},"schema":{"@context":"https:\/\/schema.org","@graph":[{"@type":"Article","@id":"https:\/\/factorial.es\/blog\/entrada-vigor-nis2\/#article","isPartOf":{"@id":"https:\/\/factorial.es\/blog\/entrada-vigor-nis2\/"},"author":{"name":"Guillem Moreso","@id":"https:\/\/factorial.es\/blog\/#\/schema\/person\/045c1a6965ad29bbcdc0c9fd2e633f6b"},"headline":"\u00bfCu\u00e1ndo entra en vigor la directiva NIS2 en Espa\u00f1a?","datePublished":"2026-03-16T16:49:31+00:00","dateModified":"2026-04-21T17:11:43+00:00","mainEntityOfPage":{"@id":"https:\/\/factorial.es\/blog\/entrada-vigor-nis2\/"},"wordCount":1362,"publisher":{"@id":"https:\/\/factorial.es\/blog\/#organization"},"articleSection":["NIS2"],"inLanguage":"es"},{"@type":"WebPage","@id":"https:\/\/factorial.es\/blog\/entrada-vigor-nis2\/","url":"https:\/\/factorial.es\/blog\/entrada-vigor-nis2\/","name":"\u00bfCu\u00e1ndo entra en vigor la directiva NIS2 en Espa\u00f1a? | Factorial","isPartOf":{"@id":"https:\/\/factorial.es\/blog\/#website"},"datePublished":"2026-03-16T16:49:31+00:00","dateModified":"2026-04-21T17:11:43+00:00","description":"\u00bfTienes dudas sobre la entrada en vigor de la directiva NIS2? Te explicamos todo lo que debes de saber. \u00a1Entra y desc\u00fabrelo!","inLanguage":"es","potentialAction":[{"@type":"ReadAction","target":["https:\/\/factorial.es\/blog\/entrada-vigor-nis2\/"]}]},{"@type":"WebSite","@id":"https:\/\/factorial.es\/blog\/#website","url":"https:\/\/factorial.es\/blog\/","name":"Factorial","description":"","publisher":{"@id":"https:\/\/factorial.es\/blog\/#organization"},"potentialAction":[{"@type":"SearchAction","target":{"@type":"EntryPoint","urlTemplate":"https:\/\/factorial.es\/blog\/?s={search_term_string}"},"query-input":"required name=search_term_string"}],"inLanguage":"es"},{"@type":"Organization","@id":"https:\/\/factorial.es\/blog\/#organization","name":"All-in-one business management software - Factorial","url":"https:\/\/factorial.es\/blog\/","logo":{"@type":"ImageObject","inLanguage":"es","@id":"https:\/\/factorial.es\/blog\/#\/schema\/logo\/image\/","url":"https:\/\/factorial.es\/wp-content\/uploads\/2023\/07\/18155144\/factorial-logo.png","contentUrl":"https:\/\/factorial.es\/wp-content\/uploads\/2023\/07\/18155144\/factorial-logo.png","width":946,"height":880,"caption":"All-in-one business management software - Factorial"},"image":{"@id":"https:\/\/factorial.es\/blog\/#\/schema\/logo\/image\/"},"sameAs":["https:\/\/www.facebook.com\/people\/Factorial\/100064908455810\/","https:\/\/twitter.com\/factorialapp","https:\/\/www.linkedin.com\/company\/factorialhr","https:\/\/www.youtube.com\/@factorialmedia","https:\/\/www.instagram.com\/factorial\/#"]},{"@type":"Person","@id":"https:\/\/factorial.es\/blog\/#\/schema\/person\/045c1a6965ad29bbcdc0c9fd2e633f6b","name":"Guillem Moreso","image":{"@type":"ImageObject","inLanguage":"es","@id":"https:\/\/factorial.es\/blog\/#\/schema\/person\/image\/","url":"https:\/\/secure.gravatar.com\/avatar\/893ff2445291136e03e30bca53145673?s=96&d=identicon&r=g","contentUrl":"https:\/\/secure.gravatar.com\/avatar\/893ff2445291136e03e30bca53145673?s=96&d=identicon&r=g","caption":"Guillem Moreso"},"description":"Passionate about helping companies simplify and modernize IT. I write about device management, SaaS, security, compliance, and the everyday challenges IT teams face.","url":"https:\/\/factorial.es\/blog\/author\/guillem-moreso\/"}]}},"_links":{"self":[{"href":"https:\/\/factorial.es\/blog\/wp-json\/wp\/v2\/posts\/183756"}],"collection":[{"href":"https:\/\/factorial.es\/blog\/wp-json\/wp\/v2\/posts"}],"about":[{"href":"https:\/\/factorial.es\/blog\/wp-json\/wp\/v2\/types\/post"}],"author":[{"embeddable":true,"href":"https:\/\/factorial.es\/blog\/wp-json\/wp\/v2\/users\/342"}],"replies":[{"embeddable":true,"href":"https:\/\/factorial.es\/blog\/wp-json\/wp\/v2\/comments?post=183756"}],"version-history":[{"count":9,"href":"https:\/\/factorial.es\/blog\/wp-json\/wp\/v2\/posts\/183756\/revisions"}],"predecessor-version":[{"id":187257,"href":"https:\/\/factorial.es\/blog\/wp-json\/wp\/v2\/posts\/183756\/revisions\/187257"}],"wp:featuredmedia":[{"embeddable":true,"href":"https:\/\/factorial.es\/blog\/wp-json\/wp\/v2\/media\/183760"}],"wp:attachment":[{"href":"https:\/\/factorial.es\/blog\/wp-json\/wp\/v2\/media?parent=183756"}],"wp:term":[{"taxonomy":"category","embeddable":true,"href":"https:\/\/factorial.es\/blog\/wp-json\/wp\/v2\/categories?post=183756"},{"taxonomy":"post_tag","embeddable":true,"href":"https:\/\/factorial.es\/blog\/wp-json\/wp\/v2\/tags?post=183756"}],"curies":[{"name":"wp","href":"https:\/\/api.w.org\/{rel}","templated":true}]}}