{"id":34570,"date":"2020-12-11T13:54:47","date_gmt":"2020-12-11T11:54:47","guid":{"rendered":"https:\/\/factorialhr.com\/blog\/?p=34570"},"modified":"2026-01-30T05:27:31","modified_gmt":"2026-01-30T03:27:31","slug":"gestion-competencias-rrhh","status":"publish","type":"post","link":"https:\/\/factorial.es\/blog\/gestion-competencias-rrhh\/","title":{"rendered":"Gesti\u00f3n por competencias en Recursos Humanos, todo lo que necesitas saber"},"content":{"rendered":"<p>El coraz\u00f3n de las empresas son las personas que forman parte de ellas. Sin trabajadores, ninguna organizaci\u00f3n puede prosperar. Eso est\u00e1 muy claro. Pero las compa\u00f1\u00edas tambi\u00e9n necesitan cumplir sus objetivos para poder seguir creciendo. <!--more--><\/p>\n<p>\u00bfC\u00f3mo realizar una adecuada gesti\u00f3n del talento y, al mismo tiempo, alcanzar las metas comerciales de la organizaci\u00f3n? La respuesta a esa pregunta es la <strong>gesti\u00f3n por competencias<\/strong>. Podr\u00edamos decir que la gesti\u00f3n de <a href=\"https:\/\/factorial.es\/blog\/diferencia-habilidades-competencias\/\">competencias<\/a> es una estrategia para potenciar la evoluci\u00f3n de las empresas.<\/p>\n<p>Lo interesante es que va m\u00e1s all\u00e1 del departamento de Recursos Humanos, ya que lo que caracteriza a este modelo de gesti\u00f3n es que permite alinear e integrar a toda la organizaci\u00f3n bajo los mismos objetivos.<\/p>\n<p><span style=\"font-size: 14pt;\"><strong>Tabla de contenidos:\u00a0<\/strong><\/span><\/p>\n<ul>\n<li><a href=\"#QueEsLaGestionPorCompetencias\">\u00bfQu\u00e9 es la gesti\u00f3n por competencias?<\/a><\/li>\n<li><a href=\"#EnQueConsisteLaGestionDeCompetenciasEnRecursosHumanos\">\u00bfEn qu\u00e9 consiste la gesti\u00f3n de competencias en Recursos Humanos?<\/a><\/li>\n<li><a href=\"#GestionPorCompetenciasYSeleccionDePersonal\">Gesti\u00f3n por competencias y selecci\u00f3n de personal<\/a><\/li>\n<li><a href=\"#GestionPorCompetenciasEInteligenciaEmocional\">Gesti\u00f3n por competencias e inteligencia emocional<\/a><\/li>\n<li><a href=\"#CualesSonLasVentajasDeImplementarUnaGestionPorCompetencias\">\u00bfCu\u00e1les son las ventajas de implementar una gesti\u00f3n por competencias?<\/a><\/li>\n<li><a href=\"#ModelosDeGestionDeCompetencias\">Modelos de gesti\u00f3n de competencias<\/a><\/li>\n<li><a href=\"#ComoImplementarLaGestionPorCompetencias\">\u00bfC\u00f3mo implementar la gesti\u00f3n por competencias?<\/a><\/li>\n<li><a href=\"#SolucionParaUnaCorrectaGestionDeCompetencias\">La soluci\u00f3n para una correcta gesti\u00f3n de competencias<\/a><\/li>\n<\/ul>\n<h2 id=\"QueEsLaGestionPorCompetencias\"><strong>\u00bfQu\u00e9 es la gesti\u00f3n por competencias?<\/strong><\/h2>\n<p>La gesti\u00f3n por competencias es un modelo de management que permite que todos los colaboradores de una organizaci\u00f3n trabajen en conjunto para conseguir los objetivos de la empresa.<\/p>\n<p>Esta <a href=\"https:\/\/factorial.es\/blog\/gestion-estrategica-recursos-humanos\/\">gesti\u00f3n estrat\u00e9gica<\/a> busca integrar de manera org\u00e1nica a todos los equipos dentro de la compa\u00f1\u00eda, <strong>para alcanzar los resultados esperados de acuerdo a la visi\u00f3n y misi\u00f3n de la empresa.<\/strong><\/p>\n<p><a href=\"https:\/\/factorial.es\/sneak-peek\/reporte-liderazgo-futuro\"><img decoding=\"async\" class=\"alignnone wp-image-146404 size-full\" src=\"https:\/\/factorial.es\/wp-content\/uploads\/2019\/07\/04140314\/Report-liderazgo-del-futuro.png\" alt=\"Report liderazgo del futuro\" width=\"2232\" height=\"652\" srcset=\"https:\/\/factorial.es\/wp-content\/uploads\/2019\/07\/04140314\/Report-liderazgo-del-futuro.png 2232w, https:\/\/factorial.es\/wp-content\/uploads\/2019\/07\/04140314\/Report-liderazgo-del-futuro-300x88.png 300w, https:\/\/factorial.es\/wp-content\/uploads\/2019\/07\/04140314\/Report-liderazgo-del-futuro-1024x299.png 1024w, https:\/\/factorial.es\/wp-content\/uploads\/2019\/07\/04140314\/Report-liderazgo-del-futuro-768x224.png 768w, https:\/\/factorial.es\/wp-content\/uploads\/2019\/07\/04140314\/Report-liderazgo-del-futuro-1536x449.png 1536w, https:\/\/factorial.es\/wp-content\/uploads\/2019\/07\/04140314\/Report-liderazgo-del-futuro-2048x598.png 2048w\" sizes=\"(max-width: 2232px) 100vw, 2232px\" \/><\/a><\/p>\n<p>Un requisito clave para que este tipo de gesti\u00f3n brinde los resultados deseados es que todos participen en el proceso. Cuando hablamos de \u201ctodos\u201d nos referimos al CEO de la empresa y tambi\u00e9n al colaborador que reci\u00e9n ingresa a la compa\u00f1\u00eda. <strong>Es un amplio abanico de perfiles y departamentos que estar\u00e1n alineados bajo una misma estrategia y esta es la clave del \u00e9xito de este modelo de gesti\u00f3n.<\/strong><\/p>\n<p>B\u00e1sicamente, se trata de desarrollar y aprovechar las competencias de las personas para conseguir que tanto el talento como la organizaci\u00f3n se desarrollen y crezcan. Por ello<strong>, la gesti\u00f3n por competencias ejerce su influencia en cada momento de la experiencia del colaborador dentro de la organizaci\u00f3n<\/strong>, entre ellos:<\/p>\n<ul>\n<li><a href=\"https:\/\/factorial.es\/software-reclutamiento-seleccion-personal-ats\">Selecci\u00f3n<\/a>.<\/li>\n<li>Formaci\u00f3n y desarrollo.<\/li>\n<li><a href=\"https:\/\/factorial.es\/evaluacion-desempeno\">Evaluaci\u00f3n del desempe\u00f1o<\/a>.<\/li>\n<li>Planificaci\u00f3n de carrera.<\/li>\n<\/ul>\n<p><img decoding=\"async\" class=\"aligncenter wp-image-133673 size-large\" src=\"https:\/\/factorial.es\/wp-content\/uploads\/2020\/05\/27015933\/Software-evaluacion-de-desempeno-banner-1024x427.png\" alt=\"software evaluaci\u00f3n de desempe\u00f1o banner\" width=\"1024\" height=\"427\" srcset=\"https:\/\/factorial.es\/wp-content\/uploads\/2020\/05\/27015933\/Software-evaluacion-de-desempeno-banner-1024x427.png 1024w, https:\/\/factorial.es\/wp-content\/uploads\/2020\/05\/27015933\/Software-evaluacion-de-desempeno-banner-300x125.png 300w, https:\/\/factorial.es\/wp-content\/uploads\/2020\/05\/27015933\/Software-evaluacion-de-desempeno-banner-768x321.png 768w, https:\/\/factorial.es\/wp-content\/uploads\/2020\/05\/27015933\/Software-evaluacion-de-desempeno-banner.png 1500w\" sizes=\"(max-width: 1024px) 100vw, 1024px\" \/><\/p>\n<h2 id=\"EnQueConsisteLaGestionDeCompetenciasEnRecursosHumanos\"><strong>\u00bfEn qu\u00e9 consiste la gesti\u00f3n de competencias en Recursos Humanos?<\/strong><\/h2>\n<p>La gesti\u00f3n del talento por competencias en Recursos Humanos propicia el desarrollo de todas aquellas habilidades necesarias para alcanzar los objetivos de la empresa. Pero para llegar a ello, <strong>primero es necesario comenzar por determinar esas competencias.<\/strong><\/p>\n<p>En este sentido, la tarea de los managers consiste en establecer un marco de competencias, es decir, un conjunto de habilidades b\u00e1sicas para cada funci\u00f3n dentro de la organizaci\u00f3n.<\/p>\n<p>Esto permitir\u00e1 <strong>la creaci\u00f3n de un modelo de competencias que servir\u00e1 de gu\u00eda para indicarle a la persona lo que se espera de su puesto y de su accionar dentro de la compa\u00f1\u00eda.<\/strong> Al mismo tiempo, esto le ayudar\u00e1 a alcanzar sus objetivos de desempe\u00f1o con mayor facilidad, lo que en definitiva redundar\u00e1 en el <a href=\"https:\/\/factorial.es\/blog\/productividad-laboral-tecnicas\/\">aumento de la productividad<\/a> de la organizaci\u00f3n.<\/p>\n<p>En l\u00edneas generales, estas competencias se suelen agrupar de la siguiente manera:<\/p>\n<ul>\n<li><strong>Saber<\/strong>. Se trata del conjunto de conocimientos tanto t\u00e9cnicos, como de gesti\u00f3n.<\/li>\n<li><strong>Saber hacer<\/strong>. Son las habilidades o destrezas que nacen de la experiencia y del aprendizaje y que pueden ser aplicadas para resolver los problemas que se presenten.<\/li>\n<li><strong>Ser<\/strong>. En este caso hablamos de los comportamientos, actitudes, personalidad y valores.<\/li>\n<li><strong>Querer hacer<\/strong>. Se trata de la motivaci\u00f3n de las personas para realizar las tareas que demanda su puesto.<\/li>\n<\/ul>\n<h2 id=\"GestionPorCompetenciasYSeleccionDePersonal\"><strong>Gesti\u00f3n por competencias y selecci\u00f3n de personal<\/strong><\/h2>\n<p><strong>Seg\u00fan Martha Alles, consultora internacional de gesti\u00f3n por competencias, en los procesos de selecci\u00f3n de personal se acostumbra evaluar conocimientos por ser lo m\u00e1s f\u00e1cil de medir<\/strong>, cuando lo que se deber\u00eda evaluar son comportamientos siguiendo pautas para evitar en un futuro problemas o conflictos laborales.<\/p>\n<p><strong>Para lograr el tan ansiado match entre la organizaci\u00f3n y el talento se necesita, entre otras cosas, saber espec\u00edficamente qu\u00e9 cualidades debe tener ese talento.<\/strong> Esas cualidades son espec\u00edficamente las competencias que ya mencionamos.<\/p>\n<p>Vamos a centrarnos en las competencias gen\u00e9ricas y espec\u00edficas. Por un lado, las primeras permiten tener una orientaci\u00f3n sobre el tipo de personas que la empresa est\u00e1 buscando. <strong>Estas <a href=\"https:\/\/factorial.es\/blog\/evaluacion-desempeno\/\">competencias<\/a> se aplican a todos los colaboradores en cada departamento y dentro de todas las unidades de negocio.<\/strong><\/p>\n<p>Este es el punto de partida en la gesti\u00f3n por competencias en selecci\u00f3n de personal. Porque lo primero que deben conocer los responsables de RR.HH. es precisamente cu\u00e1les son esas competencias b\u00e1sicas que cualquier persona debe tener para estar alineada a la <a href=\"https:\/\/factorial.es\/blog\/cultura-empresa\/\">cultura de la empresa<\/a>.<\/p>\n<p><img decoding=\"async\" class=\"aligncenter size-large wp-image-133679\" src=\"https:\/\/factorial.es\/wp-content\/uploads\/2020\/05\/27034850\/banner-performance-reviwe-herramienta-1-1024x779.png\" alt=\"performance review con factorial\" width=\"1024\" height=\"779\" srcset=\"https:\/\/factorial.es\/wp-content\/uploads\/2020\/05\/27034850\/banner-performance-reviwe-herramienta-1-1024x779.png 1024w, https:\/\/factorial.es\/wp-content\/uploads\/2020\/05\/27034850\/banner-performance-reviwe-herramienta-1-300x228.png 300w, https:\/\/factorial.es\/wp-content\/uploads\/2020\/05\/27034850\/banner-performance-reviwe-herramienta-1-768x585.png 768w, https:\/\/factorial.es\/wp-content\/uploads\/2020\/05\/27034850\/banner-performance-reviwe-herramienta-1.png 1080w\" sizes=\"(max-width: 1024px) 100vw, 1024px\" \/><\/p>\n<p>Teniendo en cuenta que cada departamento de la compa\u00f1\u00eda requiere conocimientos, habilidades y actitudes concretas, lo siguiente es determinar las competencias para el cargo especifico que se intenta cubrir. Esto permite definir cu\u00e1les son los objetivos para el puesto de trabajo y en base a ello crear un perfil espec\u00edfico.<\/p>\n<p>En la selecci\u00f3n por competencias se comparan los objetivos del puesto a cubrir con las competencias de los candidatos. <strong>Este enfoque ayuda a las organizaciones a establecer un sistema de reclutamiento adaptado a las necesidades y las metas de negocio de la empresa.<\/strong><\/p>\n<p>Lo interesante de la gesti\u00f3n por competencias en selecci\u00f3n de personal es que los encargados de RR.HH. tendr\u00e1n la certeza de que la elecci\u00f3n de un determinado candidato est\u00e1 perfectamente alineada a las caracter\u00edsticas esenciales que constituyen el perfil deseado.<\/p>\n<h2 id=\"GestionPorCompetenciasEInteligenciaEmocional\"><strong>Gesti\u00f3n por competencias e inteligencia emocional<\/strong><\/h2>\n<p>La gesti\u00f3n por competencias debe considerar no solo los conocimientos y habilidades <strong>para hacer el trabajo, lo que se conoce como \u201csaber hacer\u201d, sino, adem\u00e1s, los valores, las actitudes y caracter\u00edsticas personales vinculados al desempe\u00f1o en el puesto.<\/strong> El recurso que incorpora este sistema de gesti\u00f3n es la inteligencia emocional.<\/p>\n<p>En los \u00faltimos a\u00f1os, muchas empresas comenzaron a entender que alcanzar el \u00e9xito es el resultado de m\u00faltiples capacidades, ya no solo las meramente t\u00e9cnicas u operativas, <strong>sino tambi\u00e9n aquellas que involucran a las emociones.<\/strong><\/p>\n<p>Lo que se conoce como <a href=\"https:\/\/factorial.es\/blog\/que-son-las-soft-skills\/\">soft skills<\/a> no son m\u00e1s que competencias suaves que combinan habilidades sociales, comunicaci\u00f3n, actitudes, rasgos de la personalidad, entre otras. Estas son las que permiten que los individuos se desenvuelvan en su entorno, trabajen con otras personas y consigan un buen desempe\u00f1o. Al complementarse con las <a href=\"https:\/\/factorial.es\/blog\/hard-skills\/\">habilidades duras<\/a>, <strong>ayudan al talento a conseguir sus objetivos profesionales.<\/strong><\/p>\n<p>Debemos advertir que, para lograr desarrollar la inteligencia emocional en la gesti\u00f3n de la empresa, es necesario facilitar <strong>un clima de confianza y apertura y elevar el nivel de conciencia y autoconocimiento<\/strong> de cada trabajador, es decir que este sepa exactamente lo que se espera de su desempe\u00f1o. Por supuesto, tambi\u00e9n es fundamental <a href=\"https:\/\/factorial.es\/blog\/motivacion-laboral-test-gratis\/\">incentivar su motivaci\u00f3n<\/a>.<\/p>\n<p><a href=\"https:\/\/factorial.es\/plantillas\/evaluacion-360-descargable\"><img decoding=\"async\" class=\"aligncenter wp-image-135064 size-large\" src=\"https:\/\/factorial.es\/wp-content\/uploads\/2020\/12\/13174545\/Factorial-Blog_Blog-post_Vertical-1024x422.png\" alt=\"Plantilla evaluaci\u00f3n 360 grados Factorial\" width=\"1024\" height=\"422\" srcset=\"https:\/\/factorial.es\/wp-content\/uploads\/2020\/12\/13174545\/Factorial-Blog_Blog-post_Vertical-1024x422.png 1024w, https:\/\/factorial.es\/wp-content\/uploads\/2020\/12\/13174545\/Factorial-Blog_Blog-post_Vertical-300x124.png 300w, https:\/\/factorial.es\/wp-content\/uploads\/2020\/12\/13174545\/Factorial-Blog_Blog-post_Vertical-768x317.png 768w, https:\/\/factorial.es\/wp-content\/uploads\/2020\/12\/13174545\/Factorial-Blog_Blog-post_Vertical.png 1212w\" sizes=\"(max-width: 1024px) 100vw, 1024px\" \/><\/a><\/p>\n<h2 id=\"CualesSonLasVentajasDeImplementarUnaGestionPorCompetencias\"><strong>\u00bfCu\u00e1les son las ventajas de implementar una gesti\u00f3n por competencias?<\/strong><\/h2>\n<p>Con un modelo de gesti\u00f3n por competencias ganamos en diferentes aspectos:<\/p>\n<p><strong>Meritocracia<\/strong><\/p>\n<p><span style=\"font-weight: 400;\">Cuando entendemos qu\u00e9 est\u00e1 aportando cada persona, es m\u00e1s f\u00e1cil recompensar el resultado.<\/span><\/p>\n<p><strong>Transparencia<\/strong><\/p>\n<p><span style=\"font-weight: 400;\">Todo el mundo sabe qu\u00e9 talento tenemos, qu\u00e9 se espera de \u00e9l y qu\u00e9 se necesita en caso de que nos falte.<\/span><\/p>\n<p><strong>Buen clima<\/strong><\/p>\n<p><span style=\"font-weight: 400;\">Cuando a nivel individual sabemos qu\u00e9 debemos hacer y c\u00f3mo nuestro talento puede aportar valor, el compromiso aumenta y por tanto, m\u00e1s satisfacci\u00f3n.<\/span><\/p>\n<p><strong>Productividad<\/strong><\/p>\n<p><span style=\"font-weight: 400;\">El foco est\u00e1 claro, las personas tienen las competencias necesarias y el resultado es m\u00e1s productividad.<\/span><\/p>\n<p><strong>Disminuci\u00f3n de costes<\/strong><\/p>\n<p><span style=\"font-weight: 400;\">Cuando los procesos de selecci\u00f3n est\u00e1n bien enfocados, dejamos de perder tiempo, no solo en la b\u00fasqueda del candidato ideal, sino que hay muchas m\u00e1s posibilidades de encontrar lo que se necesita a la primera, <a href=\"https:\/\/factorial.es\/blog\/indice-rotacion-laboral\/\">evitando rotaci\u00f3n<\/a> o procesos que se eternizan.<\/span><\/p>\n<p><span style=\"font-weight: 400;\"><strong>La gesti\u00f3n por competencias es una asignatura pendiente en muchas organizaciones, y ha quedado claro que es en parte, por desconocimiento de c\u00f3mo es.<\/strong><\/span><\/p>\n<p><iframe title=\"YouTube video player\" src=\"\/\/www.youtube.com\/embed\/vvTcnxMhCKg?si=J-BMR35wUiKEx187\" width=\"560\" height=\"315\" frameborder=\"0\" allowfullscreen=\"allowfullscreen\"><\/iframe><\/p>\n<h2 id=\"ModelosDeGestionDeCompetencias\"><strong>Modelos de gesti\u00f3n de competencias<\/strong><\/h2>\n<p>Los modelos de gesti\u00f3n por competencias en Recursos Humanos son el marco para definir las habilidades, conocimientos y aptitudes que se requieren dentro de la empresa. Los modelos de gesti\u00f3n funcionan tambi\u00e9n como un mapa o inventario de las habilidades, capacidades y conocimientos de la compa\u00f1\u00eda en su conjunto.<\/p>\n<p>Al mismo tiempo, seguir un modelo de gesti\u00f3n por competencias <strong>es fundamental para definir los perfiles espec\u00edficos que necesita la empresa, ya que cada organizaci\u00f3n y cada puesto tienen exigencias propias.<\/strong><\/p>\n<p>De esta manera, los modelos se constituyen como componentes clave del reclutamiento y la selecci\u00f3n de personal y su influencia se extiende m\u00e1s all\u00e1, <strong>a las actividades de capacitaci\u00f3n y desarrollo, <a href=\"https:\/\/factorial.es\/blog\/ejemplos-evaluacion-desempeno\/\">evaluaci\u00f3n del desempe\u00f1o<\/a> y planificaci\u00f3n de carrera.<\/strong><\/p>\n<p>Los principales modelos de gesti\u00f3n de competencias que suelen utilizarse son:<\/p>\n<ul>\n<li><strong>Modelo de competencias gen\u00e9ricas<\/strong>. Las competencias gen\u00e9ricas son aquellas que est\u00e1n presentes en todos los puestos de trabajo de la empresa. Es decir, se repiten sistem\u00e1ticamente en todos los niveles y departamentos. Son las habilidades b\u00e1sicas requeridas por la organizaci\u00f3n para todos sus empleados.<\/li>\n<li><strong>Modelo de competencias espec\u00edficas<\/strong>. Las tambi\u00e9n llamadas competencias funcionales, son aquellas que determinan los comportamientos concretos para cada puesto de trabajo. En este tipo de competencias se consideran las habilidades necesarias que cada trabajador debe tener para poder manejarse adecuadamente en el cargo.<\/li>\n<li><strong>Modelo de competencias funcionales<\/strong>. Adem\u00e1s de las competencias espec\u00edficas de cada rol dentro de la organizaci\u00f3n, el modelo de competencias funcionales establece aquellas habilidades y conocimientos t\u00e9cnicos que debe tener el talento. Estas competencias pueden ser, por ejemplo, saber manejar un determinado software, dominar ciertos idiomas, saber analizar datos, etc.<\/li>\n<li><strong>Modelo de competencias de <a href=\"https:\/\/factorial.es\/blog\/liderazgo-inclusivo\/\">liderazgo<\/a><\/strong>. Tambi\u00e9n se las conoce como competencias diferenciadoras. Son aquellas que se dirigen a puestos o funciones relacionadas con la supervisi\u00f3n de personal. De todas maneras, estas competencias se pueden aplicar a cualquier puesto laboral en donde se necesite que un empleado lidere a otros.<\/li>\n<\/ul>\n<h2 id=\"ComoImplementarLaGestionPorCompetencias\"><strong>\u00bfC\u00f3mo implementar la gesti\u00f3n por competencias?<\/strong><\/h2>\n<p>La gesti\u00f3n por competencias en Recursos Humanos se puede implementar de diferentes maneras, <strong>lo que se debe tener en cuenta es escoger un m\u00e9todo que funcione y se adapte a las necesidades y objetivos de la empresa.\u00a0<\/strong><\/p>\n<p>Por ejemplo, <strong>existen m\u00e9todos tradicionales como las entrevistas de selecci\u00f3n por competencias, donde se establecen preguntas para poder extraer informaci\u00f3n acerca del estado del equipo.<\/strong> Estas preguntas deben servir para poder clasificar al equipo con determinadas competencias.<\/p>\n<p>Por otro lado, existen otros m\u00e9todos como la matriz 9-box, la rueda de competencias, el m\u00e9todo S.T.A.R, entre otros.<\/p>\n<p>Es una alternativa a considerar, sobre todo, si lo que se desea es integrar a todo el equipo bajo un objetivo com\u00fan: el crecimiento de la compa\u00f1\u00eda. <strong>Y todo ello sin descuidar el desarrollo de cada persona dentro de la empresa.<\/strong><\/p>\n<p>Eso s\u00ed, es importante planificar adecuadamente la implementaci\u00f3n de cada modelo por competencias y no olvidarse de medir los resultados.<\/p>\n<p>\ud83d\udc49 <a href=\"https:\/\/factorial.es\/blog\/seleccion-por-competencias\/\">Descubre m\u00e1s en este art\u00edculos sobre la gesti\u00f3n de competencias y c\u00f3mo implementarla en tu empresa<\/a><\/p>\n<h2 id=\"SolucionParaUnaCorrectaGestionDeCompetencias\"><b>La soluci\u00f3n para una correcta gesti\u00f3n de competencias<\/b><\/h2>\n<p><span style=\"font-weight: 400;\">El implementar procesos estandarizados que mejoren tus procesos de gesti\u00f3n de talento impactar\u00e1n directamente en la tasa de productividad de tus trabajadores<\/span><b>. <\/b><span style=\"font-weight: 400;\">Por eso, recomendamos una plataforma que te permita:<\/span><\/p>\n<ul>\n<li style=\"font-weight: 400;\" aria-level=\"1\"><b>Crear y categorizar una lista de competencias y subcompetencias <\/b><span style=\"font-weight: 400;\">en relaci\u00f3n a los skills que se buscan en un trabajador y que se encuentren alineados con la cultura de la empresa.<\/span><\/li>\n<li style=\"font-weight: 400;\" aria-level=\"1\"><b>Conocer las debilidades y fortalezas de cada individuo a trav\u00e9s de una matriz de nueve cuadrantes .<\/b><span style=\"font-weight: 400;\"> Lo que ayudar\u00e1 a conocer c\u00f3mo est\u00e1 desempe\u00f1\u00e1ndose cada empleado; qui\u00e9n tiene el mejor potencial y qui\u00e9n es el que necesita mejorar su desempe\u00f1o.<\/span><\/li>\n<li style=\"font-weight: 400;\" aria-level=\"1\"><b>Compartir las evaluaciones con los roles encargados de revisar el avance<\/b><span style=\"font-weight: 400;\"> de los equipos de una manera segura y r\u00e1pida.<\/span><\/li>\n<\/ul>\n<p><img decoding=\"async\" class=\"aligncenter size-full wp-image-133596\" src=\"https:\/\/factorial.es\/wp-content\/uploads\/2018\/11\/24134732\/Group-427319316-e1716551332379.png\" alt=\"\" width=\"885\" height=\"550\" srcset=\"https:\/\/factorial.es\/wp-content\/uploads\/2018\/11\/24134732\/Group-427319316-e1716551332379.png 885w, https:\/\/factorial.es\/wp-content\/uploads\/2018\/11\/24134732\/Group-427319316-e1716551332379-300x186.png 300w, https:\/\/factorial.es\/wp-content\/uploads\/2018\/11\/24134732\/Group-427319316-e1716551332379-768x477.png 768w\" sizes=\"(max-width: 885px) 100vw, 885px\" \/><\/p>\n<p><span style=\"font-weight: 400;\">Con <\/span><b>el software de Factorial<\/b><span style=\"font-weight: 400;\"> para la gesti\u00f3n de competencias obt\u00e9n una completa evaluaci\u00f3n del desarrollo laboral de cada trabajador. Comienza a obtener mayor visibilidad de la salud de tu equipo mientras mides el desempe\u00f1o de las personas que lo integran. <\/span><span class=\"s1\"><a href=\"https:\/\/factorial.es\/solicitar-demo\"><b>Reserva una demostraci\u00f3n gratis y te ense\u00f1amos como detectar las competencias de tu equipo de manera \u00f3ptima.<\/b><\/a><\/span><\/p>\n","protected":false},"excerpt":{"rendered":"<p>El coraz\u00f3n de las empresas son las personas que forman parte de ellas. Sin trabajadores, ninguna organizaci\u00f3n puede prosperar. Eso est\u00e1 muy claro. Pero las compa\u00f1\u00edas tambi\u00e9n necesitan cumplir sus objetivos para poder seguir creciendo.<\/p>\n","protected":false},"author":136,"featured_media":133700,"comment_status":"open","ping_status":"closed","sticky":false,"template":"","format":"standard","meta":{"_acf_changed":false,"footnotes":""},"categories":[838,836],"tags":[],"class_list":["post-34570","post","type-post","status-publish","format-standard","has-post-thumbnail","hentry","category-evaluacion-de-desempeno","category-gestion-de-talento"],"acf":{"topics":"talent-performance-review"},"yoast_head":"<!-- This site is optimized with the Yoast SEO Premium plugin v21.5 (Yoast SEO v21.9.1) - https:\/\/yoast.com\/wordpress\/plugins\/seo\/ -->\n<title>Gesti\u00f3n por competencias y evaluaci\u00f3n del desempe\u00f1o \ud83d\udcca<\/title>\n<meta name=\"description\" content=\"Conoce c\u00f3mo la gesti\u00f3n por competencias mejora la evaluaci\u00f3n del desempe\u00f1o y facilita decisiones m\u00e1s objetivas en la empresa.\" \/>\n<meta name=\"robots\" content=\"index, follow, max-snippet:-1, max-image-preview:large, max-video-preview:-1\" \/>\n<link rel=\"canonical\" href=\"https:\/\/factorial.es\/blog\/gestion-competencias-rrhh\/\" \/>\n<meta property=\"og:locale\" content=\"es_ES\" \/>\n<meta property=\"og:type\" content=\"article\" \/>\n<meta property=\"og:title\" content=\"Gesti\u00f3n por competencias en Recursos Humanos, todo lo que necesitas saber\" \/>\n<meta property=\"og:description\" content=\"Conoce c\u00f3mo la gesti\u00f3n por competencias mejora la evaluaci\u00f3n del desempe\u00f1o y facilita decisiones m\u00e1s objetivas en la empresa.\" \/>\n<meta property=\"og:url\" content=\"https:\/\/factorial.es\/blog\/gestion-competencias-rrhh\/\" \/>\n<meta property=\"og:site_name\" content=\"Factorial\" \/>\n<meta property=\"article:publisher\" content=\"https:\/\/www.facebook.com\/people\/Factorial\/100064908455810\/\" \/>\n<meta property=\"article:published_time\" content=\"2020-12-11T11:54:47+00:00\" \/>\n<meta property=\"article:modified_time\" content=\"2026-01-30T03:27:31+00:00\" \/>\n<meta property=\"og:image\" content=\"https:\/\/factorial.es\/wp-content\/uploads\/2020\/12\/27094847\/gestion-por-competencias-thumb-blog-es.png\" \/>\n\t<meta property=\"og:image:width\" content=\"1800\" \/>\n\t<meta property=\"og:image:height\" content=\"976\" \/>\n\t<meta property=\"og:image:type\" content=\"image\/png\" \/>\n<meta name=\"author\" content=\"Factorial\" \/>\n<meta name=\"twitter:card\" content=\"summary_large_image\" \/>\n<meta name=\"twitter:creator\" content=\"@factorialapp\" \/>\n<meta name=\"twitter:site\" content=\"@factorialapp\" \/>\n<meta name=\"twitter:label1\" content=\"Written by\" \/>\n\t<meta name=\"twitter:data1\" content=\"Factorial\" \/>\n\t<meta name=\"twitter:label2\" content=\"Est. reading time\" \/>\n\t<meta name=\"twitter:data2\" content=\"10 minutes\" \/>\n<script type=\"application\/ld+json\" class=\"yoast-schema-graph\">{\"@context\":\"https:\/\/schema.org\",\"@graph\":[{\"@type\":\"Article\",\"@id\":\"https:\/\/factorial.es\/blog\/gestion-competencias-rrhh\/#article\",\"isPartOf\":{\"@id\":\"https:\/\/factorial.es\/blog\/gestion-competencias-rrhh\/\"},\"author\":{\"name\":\"Factorial\",\"@id\":\"https:\/\/factorial.es\/blog\/#\/schema\/person\/7b5a5469052118a0a452edb12733e380\"},\"headline\":\"Gesti\u00f3n por competencias en Recursos Humanos, todo lo que necesitas saber\",\"datePublished\":\"2020-12-11T11:54:47+00:00\",\"dateModified\":\"2026-01-30T03:27:31+00:00\",\"mainEntityOfPage\":{\"@id\":\"https:\/\/factorial.es\/blog\/gestion-competencias-rrhh\/\"},\"wordCount\":2165,\"commentCount\":0,\"publisher\":{\"@id\":\"https:\/\/factorial.es\/blog\/#organization\"},\"articleSection\":[\"Evaluaci\u00f3n de desempe\u00f1o\",\"Gesti\u00f3n de talento\"],\"inLanguage\":\"es\",\"potentialAction\":[{\"@type\":\"CommentAction\",\"name\":\"Comment\",\"target\":[\"https:\/\/factorial.es\/blog\/gestion-competencias-rrhh\/#respond\"]}]},{\"@type\":\"WebPage\",\"@id\":\"https:\/\/factorial.es\/blog\/gestion-competencias-rrhh\/\",\"url\":\"https:\/\/factorial.es\/blog\/gestion-competencias-rrhh\/\",\"name\":\"Gesti\u00f3n por competencias y evaluaci\u00f3n del desempe\u00f1o \ud83d\udcca\",\"isPartOf\":{\"@id\":\"https:\/\/factorial.es\/blog\/#website\"},\"datePublished\":\"2020-12-11T11:54:47+00:00\",\"dateModified\":\"2026-01-30T03:27:31+00:00\",\"description\":\"Conoce c\u00f3mo la gesti\u00f3n por competencias mejora la evaluaci\u00f3n del desempe\u00f1o y facilita decisiones m\u00e1s objetivas en la empresa.\",\"inLanguage\":\"es\",\"potentialAction\":[{\"@type\":\"ReadAction\",\"target\":[\"https:\/\/factorial.es\/blog\/gestion-competencias-rrhh\/\"]}]},{\"@type\":\"WebSite\",\"@id\":\"https:\/\/factorial.es\/blog\/#website\",\"url\":\"https:\/\/factorial.es\/blog\/\",\"name\":\"Factorial\",\"description\":\"\",\"publisher\":{\"@id\":\"https:\/\/factorial.es\/blog\/#organization\"},\"potentialAction\":[{\"@type\":\"SearchAction\",\"target\":{\"@type\":\"EntryPoint\",\"urlTemplate\":\"https:\/\/factorial.es\/blog\/?s={search_term_string}\"},\"query-input\":\"required name=search_term_string\"}],\"inLanguage\":\"es\"},{\"@type\":\"Organization\",\"@id\":\"https:\/\/factorial.es\/blog\/#organization\",\"name\":\"All-in-one business management software - Factorial\",\"url\":\"https:\/\/factorial.es\/blog\/\",\"logo\":{\"@type\":\"ImageObject\",\"inLanguage\":\"es\",\"@id\":\"https:\/\/factorial.es\/blog\/#\/schema\/logo\/image\/\",\"url\":\"https:\/\/factorial.es\/wp-content\/uploads\/2023\/07\/18155144\/factorial-logo.png\",\"contentUrl\":\"https:\/\/factorial.es\/wp-content\/uploads\/2023\/07\/18155144\/factorial-logo.png\",\"width\":946,\"height\":880,\"caption\":\"All-in-one business management software - Factorial\"},\"image\":{\"@id\":\"https:\/\/factorial.es\/blog\/#\/schema\/logo\/image\/\"},\"sameAs\":[\"https:\/\/www.facebook.com\/people\/Factorial\/100064908455810\/\",\"https:\/\/twitter.com\/factorialapp\",\"https:\/\/www.linkedin.com\/company\/factorialhr\",\"https:\/\/www.youtube.com\/@factorialmedia\",\"https:\/\/www.instagram.com\/factorial\/#\"]},{\"@type\":\"Person\",\"@id\":\"https:\/\/factorial.es\/blog\/#\/schema\/person\/7b5a5469052118a0a452edb12733e380\",\"name\":\"Factorial\",\"image\":{\"@type\":\"ImageObject\",\"inLanguage\":\"es\",\"@id\":\"https:\/\/factorial.es\/blog\/#\/schema\/person\/image\/\",\"url\":\"https:\/\/secure.gravatar.com\/avatar\/94f45aafe3645ee8cdad439505e2817e?s=96&d=identicon&r=g\",\"contentUrl\":\"https:\/\/secure.gravatar.com\/avatar\/94f45aafe3645ee8cdad439505e2817e?s=96&d=identicon&r=g\",\"caption\":\"Factorial\"},\"url\":\"https:\/\/factorial.es\/blog\/author\/factorial-hr\/\"}]}<\/script>\n<!-- \/ Yoast SEO Premium plugin. -->","yoast_head_json":{"title":"Gesti\u00f3n por competencias y evaluaci\u00f3n del desempe\u00f1o \ud83d\udcca","description":"Conoce c\u00f3mo la gesti\u00f3n por competencias mejora la evaluaci\u00f3n del desempe\u00f1o y facilita decisiones m\u00e1s objetivas en la empresa.","robots":{"index":"index","follow":"follow","max-snippet":"max-snippet:-1","max-image-preview":"max-image-preview:large","max-video-preview":"max-video-preview:-1"},"canonical":"https:\/\/factorial.es\/blog\/gestion-competencias-rrhh\/","og_locale":"es_ES","og_type":"article","og_title":"Gesti\u00f3n por competencias en Recursos Humanos, todo lo que necesitas saber","og_description":"Conoce c\u00f3mo la gesti\u00f3n por competencias mejora la evaluaci\u00f3n del desempe\u00f1o y facilita decisiones m\u00e1s objetivas en la empresa.","og_url":"https:\/\/factorial.es\/blog\/gestion-competencias-rrhh\/","og_site_name":"Factorial","article_publisher":"https:\/\/www.facebook.com\/people\/Factorial\/100064908455810\/","article_published_time":"2020-12-11T11:54:47+00:00","article_modified_time":"2026-01-30T03:27:31+00:00","og_image":[{"width":1800,"height":976,"url":"https:\/\/factorial.es\/wp-content\/uploads\/2020\/12\/27094847\/gestion-por-competencias-thumb-blog-es.png","type":"image\/png"}],"author":"Factorial","twitter_card":"summary_large_image","twitter_creator":"@factorialapp","twitter_site":"@factorialapp","twitter_misc":{"Written by":"Factorial","Est. reading time":"10 minutes"},"schema":{"@context":"https:\/\/schema.org","@graph":[{"@type":"Article","@id":"https:\/\/factorial.es\/blog\/gestion-competencias-rrhh\/#article","isPartOf":{"@id":"https:\/\/factorial.es\/blog\/gestion-competencias-rrhh\/"},"author":{"name":"Factorial","@id":"https:\/\/factorial.es\/blog\/#\/schema\/person\/7b5a5469052118a0a452edb12733e380"},"headline":"Gesti\u00f3n por competencias en Recursos Humanos, todo lo que necesitas saber","datePublished":"2020-12-11T11:54:47+00:00","dateModified":"2026-01-30T03:27:31+00:00","mainEntityOfPage":{"@id":"https:\/\/factorial.es\/blog\/gestion-competencias-rrhh\/"},"wordCount":2165,"commentCount":0,"publisher":{"@id":"https:\/\/factorial.es\/blog\/#organization"},"articleSection":["Evaluaci\u00f3n de desempe\u00f1o","Gesti\u00f3n de talento"],"inLanguage":"es","potentialAction":[{"@type":"CommentAction","name":"Comment","target":["https:\/\/factorial.es\/blog\/gestion-competencias-rrhh\/#respond"]}]},{"@type":"WebPage","@id":"https:\/\/factorial.es\/blog\/gestion-competencias-rrhh\/","url":"https:\/\/factorial.es\/blog\/gestion-competencias-rrhh\/","name":"Gesti\u00f3n por competencias y evaluaci\u00f3n del desempe\u00f1o \ud83d\udcca","isPartOf":{"@id":"https:\/\/factorial.es\/blog\/#website"},"datePublished":"2020-12-11T11:54:47+00:00","dateModified":"2026-01-30T03:27:31+00:00","description":"Conoce c\u00f3mo la gesti\u00f3n por competencias mejora la evaluaci\u00f3n del desempe\u00f1o y facilita decisiones m\u00e1s objetivas en la empresa.","inLanguage":"es","potentialAction":[{"@type":"ReadAction","target":["https:\/\/factorial.es\/blog\/gestion-competencias-rrhh\/"]}]},{"@type":"WebSite","@id":"https:\/\/factorial.es\/blog\/#website","url":"https:\/\/factorial.es\/blog\/","name":"Factorial","description":"","publisher":{"@id":"https:\/\/factorial.es\/blog\/#organization"},"potentialAction":[{"@type":"SearchAction","target":{"@type":"EntryPoint","urlTemplate":"https:\/\/factorial.es\/blog\/?s={search_term_string}"},"query-input":"required name=search_term_string"}],"inLanguage":"es"},{"@type":"Organization","@id":"https:\/\/factorial.es\/blog\/#organization","name":"All-in-one business management software - Factorial","url":"https:\/\/factorial.es\/blog\/","logo":{"@type":"ImageObject","inLanguage":"es","@id":"https:\/\/factorial.es\/blog\/#\/schema\/logo\/image\/","url":"https:\/\/factorial.es\/wp-content\/uploads\/2023\/07\/18155144\/factorial-logo.png","contentUrl":"https:\/\/factorial.es\/wp-content\/uploads\/2023\/07\/18155144\/factorial-logo.png","width":946,"height":880,"caption":"All-in-one business management software - Factorial"},"image":{"@id":"https:\/\/factorial.es\/blog\/#\/schema\/logo\/image\/"},"sameAs":["https:\/\/www.facebook.com\/people\/Factorial\/100064908455810\/","https:\/\/twitter.com\/factorialapp","https:\/\/www.linkedin.com\/company\/factorialhr","https:\/\/www.youtube.com\/@factorialmedia","https:\/\/www.instagram.com\/factorial\/#"]},{"@type":"Person","@id":"https:\/\/factorial.es\/blog\/#\/schema\/person\/7b5a5469052118a0a452edb12733e380","name":"Factorial","image":{"@type":"ImageObject","inLanguage":"es","@id":"https:\/\/factorial.es\/blog\/#\/schema\/person\/image\/","url":"https:\/\/secure.gravatar.com\/avatar\/94f45aafe3645ee8cdad439505e2817e?s=96&d=identicon&r=g","contentUrl":"https:\/\/secure.gravatar.com\/avatar\/94f45aafe3645ee8cdad439505e2817e?s=96&d=identicon&r=g","caption":"Factorial"},"url":"https:\/\/factorial.es\/blog\/author\/factorial-hr\/"}]}},"_links":{"self":[{"href":"https:\/\/factorial.es\/blog\/wp-json\/wp\/v2\/posts\/34570"}],"collection":[{"href":"https:\/\/factorial.es\/blog\/wp-json\/wp\/v2\/posts"}],"about":[{"href":"https:\/\/factorial.es\/blog\/wp-json\/wp\/v2\/types\/post"}],"author":[{"embeddable":true,"href":"https:\/\/factorial.es\/blog\/wp-json\/wp\/v2\/users\/136"}],"replies":[{"embeddable":true,"href":"https:\/\/factorial.es\/blog\/wp-json\/wp\/v2\/comments?post=34570"}],"version-history":[{"count":27,"href":"https:\/\/factorial.es\/blog\/wp-json\/wp\/v2\/posts\/34570\/revisions"}],"predecessor-version":[{"id":148935,"href":"https:\/\/factorial.es\/blog\/wp-json\/wp\/v2\/posts\/34570\/revisions\/148935"}],"wp:featuredmedia":[{"embeddable":true,"href":"https:\/\/factorial.es\/blog\/wp-json\/wp\/v2\/media\/133700"}],"wp:attachment":[{"href":"https:\/\/factorial.es\/blog\/wp-json\/wp\/v2\/media?parent=34570"}],"wp:term":[{"taxonomy":"category","embeddable":true,"href":"https:\/\/factorial.es\/blog\/wp-json\/wp\/v2\/categories?post=34570"},{"taxonomy":"post_tag","embeddable":true,"href":"https:\/\/factorial.es\/blog\/wp-json\/wp\/v2\/tags?post=34570"}],"curies":[{"name":"wp","href":"https:\/\/api.w.org\/{rel}","templated":true}]}}