{"id":47327,"date":"2021-05-07T18:10:43","date_gmt":"2021-05-07T16:10:43","guid":{"rendered":"https:\/\/factorialhr.com\/blog\/?p=47327"},"modified":"2026-01-29T22:51:57","modified_gmt":"2026-01-29T20:51:57","slug":"fortalezas-y-debilidades","status":"publish","type":"post","link":"https:\/\/factorial.es\/blog\/fortalezas-y-debilidades\/","title":{"rendered":"Fortalezas y debilidades: c\u00f3mo gestionarlas en el onboarding"},"content":{"rendered":"<p>Se trata de un aspecto vital al momento de conocer a los candidatos para integrarse en un puesto dentro de la empresa. A pesar de ser un t\u00f3pico conocido ampliamente, lo cierto es que son m\u00faltiples los beneficios que reporta saber hacer uso correcto de estos conceptos en RR.HH.<!--more--><\/p>\n<p>\u201cFortalezas y debilidades\u201d. Simplemente basta con hacer una breve b\u00fasqueda en Internet para encontrarnos con, literalmente, decenas de millones de resultados al respecto de este tema.<\/p>\n<p>En la enorme mayor\u00eda de los casos, los contenidos est\u00e1n orientados a <strong>ayudar a potenciales candidatos a responder tama\u00f1a pregunta<\/strong> para aplicar a una organizaci\u00f3n. \u00bfPero qu\u00e9 sucede con los managers de Recursos Humanos que deben cargar con la responsabilidad de hacer LA pregunta y analizar su respuesta en una <a href=\"https:\/\/factorial.es\/blog\/modelo-entrevista-de-trabajo\/\">entrevista laboral<\/a>?<\/p>\n<p><span style=\"font-size: 14pt;\"><strong>Tabla de contenidos:<\/strong><\/span><\/p>\n<ul>\n<li><a href=\"#fortalezasdeb\">Qu\u00e9 son las fortalezas y debilidades profesionales<\/a><\/li>\n<li><a href=\"#profesionales\">Fortalezas y debilidades profesionales<\/a><\/li>\n<li><a href=\"#personales\">Fortalezas y debilidades personales<\/a><\/li>\n<li><a href=\"#onboarding\">C\u00f3mo descubrir debilidades y fortalezas en el onboarding<\/a><\/li>\n<li><a href=\"#entrevista\">C\u00f3mo evaluar fortalezas y debilidades en una entrevista<\/a><\/li>\n<li><a href=\"#empresa\">Fortalezas y debilidades en una empresa<\/a><\/li>\n<li><a href=\"#ejemplos\">40 Ejemplos de debilidades y fortalezas<\/a><\/li>\n<li><a href=\"#mejoronboarding\">Mira c\u00f3mo realizar el mejor onboarding a tu equipo con Factorial<\/a><\/li>\n<\/ul>\n<p><span data-sheets-root=\"1\">El <a href=\"https:\/\/factorial.es\/homepage-b\">software de gesti\u00f3n empresarial<\/a> que crece contigo.\ud83d\udc47<\/span><\/p>\n<p><a href=\"https:\/\/factorial.es\/homepage-b\"><img decoding=\"async\" class=\"alignnone wp-image-158919 size-full\" src=\"https:\/\/factorial.es\/wp-content\/uploads\/2022\/04\/16142854\/Banner-Demo-Factorial-All-in-One-Espana.png\" alt=\"Software de gesti\u00f3n empresarial\" width=\"1212\" height=\"500\" srcset=\"https:\/\/factorial.es\/wp-content\/uploads\/2022\/04\/16142854\/Banner-Demo-Factorial-All-in-One-Espana.png 1212w, https:\/\/factorial.es\/wp-content\/uploads\/2022\/04\/16142854\/Banner-Demo-Factorial-All-in-One-Espana-300x124.png 300w, https:\/\/factorial.es\/wp-content\/uploads\/2022\/04\/16142854\/Banner-Demo-Factorial-All-in-One-Espana-1024x422.png 1024w, https:\/\/factorial.es\/wp-content\/uploads\/2022\/04\/16142854\/Banner-Demo-Factorial-All-in-One-Espana-768x317.png 768w\" sizes=\"(max-width: 1212px) 100vw, 1212px\" \/><\/a><\/p>\n<h2 id=\"fortalezasdeb\">Qu\u00e9 son las fortalezas y debilidades profesionales<\/h2>\n<p>El concepto de \u201cfortalezas y debilidades\u201d en Recursos Humanos es sencillo de comprender. Por un lado, refiere nada m\u00e1s ni nada menos, a aquellas cualidades, <a href=\"https:\/\/factorial.es\/blog\/que-son-las-soft-skills\/\">habilidades<\/a> o <a href=\"https:\/\/factorial.es\/blog\/evaluacion-por-competencias\/\">competencias<\/a> que destacan a un candidato positivamente. En el sentido opuesto, las debilidades indican caracter\u00edsticas que pueden resultar un inconveniente en el desenvolvimiento laboral de una persona.<\/p>\n<p>En ambos casos, tanto el aspecto positivo como negativo no tiene porqu\u00e9 estar atado a lo estrictamente laboral. Sino que m\u00e1s bien, <strong>suele suceder que estas cualidades muchas veces refieren a la esfera personal del sujeto.<\/strong><\/p>\n<p>Las fortalezas y debilidades pueden estar atadas a:<\/p>\n<ul>\n<li>El car\u00e1cter<\/li>\n<li>La personalidad<\/li>\n<li>Los valores<\/li>\n<li>Las creencias<\/li>\n<li>Las costumbres<\/li>\n<li>La formaci\u00f3n acad\u00e9mica<\/li>\n<li>La experiencia profesional<\/li>\n<li>Las habilidades interpersonales<\/li>\n<\/ul>\n<p><a href=\"https:\/\/factorial.es\/sneak-peek\/reporte-liderazgo-futuro\"><img decoding=\"async\" class=\"alignnone wp-image-146431 size-full\" src=\"https:\/\/factorial.es\/wp-content\/uploads\/2017\/05\/04144510\/Liderazgo-del-futuro-report.png\" alt=\"Liderazgo del futuro report\" width=\"2232\" height=\"652\" srcset=\"https:\/\/factorial.es\/wp-content\/uploads\/2017\/05\/04144510\/Liderazgo-del-futuro-report.png 2232w, https:\/\/factorial.es\/wp-content\/uploads\/2017\/05\/04144510\/Liderazgo-del-futuro-report-300x88.png 300w, https:\/\/factorial.es\/wp-content\/uploads\/2017\/05\/04144510\/Liderazgo-del-futuro-report-1024x299.png 1024w, https:\/\/factorial.es\/wp-content\/uploads\/2017\/05\/04144510\/Liderazgo-del-futuro-report-768x224.png 768w, https:\/\/factorial.es\/wp-content\/uploads\/2017\/05\/04144510\/Liderazgo-del-futuro-report-1536x449.png 1536w, https:\/\/factorial.es\/wp-content\/uploads\/2017\/05\/04144510\/Liderazgo-del-futuro-report-2048x598.png 2048w\" sizes=\"(max-width: 2232px) 100vw, 2232px\" \/><\/a><\/p>\n<h2 id=\"profesionales\">Fortalezas y debilidades profesionales<\/h2>\n<p>Como muchas veces mencionamos anteriormente, no existen recetas m\u00e1gicas en Recursos Humanos. De manera tal que <strong>no existe tal como como una lista infalible con caracter\u00edsticas deseables o no para un candidato.<\/strong><\/p>\n<p>Por el contrario, las fortalezas profesionales o aquellas cualidades que no sean adecuadas para el puesto, depender\u00e1n pura y exclusivamente del perfil que hayamos dise\u00f1ado desde RR.HH., as\u00ed como de la <a href=\"https:\/\/factorial.es\/blog\/cultura-empresa-economia-local\/\">cultura de la empresa,<\/a> sus <a href=\"https:\/\/factorial.es\/blog\/valores-de-una-empresa\/\">valores<\/a>, misi\u00f3n y visi\u00f3n e inclusive <a href=\"https:\/\/factorial.es\/blog\/gestionar-seguimiento-formacion-empresa\/\">planes de formaci\u00f3n.<\/a><\/p>\n<p>Para poder evaluar exactamente <strong>lo que necesitamos de un trabajador en t\u00e9rminos estrictamente asociados a su rol, <\/strong>debemos seguir una serie de pasos al desarrollar un perfil de \u201ccandidato ideal\u201d que se ver\u00e1 reflejado en nuestro <a href=\"https:\/\/factorial.es\/blog\/como-escribir-anuncio-trabajo-perfecto\/\">anuncio de trabajo.<\/a><\/p>\n<ul>\n<li>Alinearnos con los objetivos de negocio.<\/li>\n<li>Comprender cabalmente el funcionamiento de cada departamento.<\/li>\n<li>Tener un conocimiento \u00f3ptimo del impacto de cada rol.<\/li>\n<li>Contemplar las responsabilidades potenciales de cada trabajador.<\/li>\n<li>Tener objetivos de contrataci\u00f3n realistas y acordes a los beneficios ofrecidos.<strong><br \/>\n<\/strong><\/li>\n<\/ul>\n<p>Poseer un entendimiento total y completo acerca de <strong>c\u00f3mo funciona nuestra empresa, en qu\u00e9 estado se encuentra, cu\u00e1les son los actuales desaf\u00edos y proyecciones a futuro,<\/strong> es vital para comprender (con la ayuda de los m\u00e1nagers de otras \u00e1reas), qu\u00e9 tipo de profesional necesitamos para avanzar con nuestros objetivos.<\/p>\n<p>En el mismo sentido, es de enorme importancia contar con <a href=\"https:\/\/factorial.es\/blog\/planes-de-carrera-rrhh\/\">planes de carrera<\/a> que puedan servir para atraer a el o la candidata ideal, del mismo modo que sucede con la <a href=\"https:\/\/factorial.es\/blog\/retribucion-flexible-empresa-espana\/\">retribuci\u00f3n flexible.<\/a><\/p>\n<p>Para que todo esto sea posible tambi\u00e9n debemos tener presente y ser realistas en t\u00e9rmino de <a href=\"https:\/\/factorial.es\/blog\/gastos-empresa\/\">gesti\u00f3n de gastos,<\/a> acerca de cu\u00e1nto tiempo vamos a dedicar en la b\u00fasqueda y capacitaci\u00f3n del equipo. Para eso debemos evaluar el <a href=\"https:\/\/factorial.es\/blog\/medir-roi-formacion-empleados\/\">ROI<\/a> y apoyarnos en las <a href=\"https:\/\/factorial.es\/blog\/bandas-salariales-rrhh\/\">bandas salariales.<\/a><\/p>\n<p><a href=\"https:\/\/factorial.es\/solicitar-demo\"><img decoding=\"async\" class=\"aligncenter size-full wp-image-142494\" src=\"https:\/\/factorial.es\/wp-content\/uploads\/2024\/10\/18120348\/Factorial-Blog_Blog-post_Product-image-6-1.jpg\" alt=\"Factorial-Blog_Blog-post_Product-image\" width=\"1700\" height=\"691\" srcset=\"https:\/\/factorial.es\/wp-content\/uploads\/2024\/10\/18120348\/Factorial-Blog_Blog-post_Product-image-6-1.jpg 1700w, https:\/\/factorial.es\/wp-content\/uploads\/2024\/10\/18120348\/Factorial-Blog_Blog-post_Product-image-6-1-300x122.jpg 300w, https:\/\/factorial.es\/wp-content\/uploads\/2024\/10\/18120348\/Factorial-Blog_Blog-post_Product-image-6-1-1024x416.jpg 1024w, https:\/\/factorial.es\/wp-content\/uploads\/2024\/10\/18120348\/Factorial-Blog_Blog-post_Product-image-6-1-768x312.jpg 768w, https:\/\/factorial.es\/wp-content\/uploads\/2024\/10\/18120348\/Factorial-Blog_Blog-post_Product-image-6-1-1536x624.jpg 1536w\" sizes=\"(max-width: 1700px) 100vw, 1700px\" \/><\/a><\/p>\n<h3 id=\"personales\">Fortalezas y debilidades personales<\/h3>\n<p>Del mismo modo que en el punto anterior, las caracter\u00edsticas individuales, personales y m\u00e1s subjetivas de la persona que entrevistemos, deben ser tenidas en consideraci\u00f3n. Una vez m\u00e1s, para descubrir cu\u00e1les son cualidades deseables y cu\u00e1les pueden ser un potencial inconveniente, <strong>debemos saber exactamente qu\u00e9 tipo de candidato necesitamos.<\/strong><\/p>\n<p>Para eso y, como sucede con el aspecto meramente profesional y laboral, debemos prestar especial atenci\u00f3n a aquellas condiciones de trabajo asociadas con el valor agregado, <strong>que hacen a la \u201cpersonalidad de la empresa\u201d.<\/strong><\/p>\n<p>Idealmente, debemos dar con una persona que pueda alinearse con los valores y la cultura, pero que adem\u00e1s tenga la flexibilidad necesaria para adaptarse a las <a href=\"https:\/\/factorial.es\/blog\/politicas-empresa\/\">pol\u00edticas de empresa<\/a> y que contribuya a la buena convivencia y al <a href=\"https:\/\/factorial.es\/blog\/teletrabajo\/\">bienestar laboral<\/a> del resto de la plantilla.<\/p>\n<h2 id=\"onboarding\">C\u00f3mo descubrir debilidades y fortalezas en el onboarding<\/h2>\n<p>Durante el proceso de b\u00fasqueda de nuevo talento y mientras tratamos de encontrar a la persona indicada, adem\u00e1s de valernos de la selecci\u00f3n hecha posterior a la <a href=\"https:\/\/factorial.es\/blog\/criba-curricular\/\">criba curricular,<\/a> la principal herramienta para descubrir fortalezas y\/o debilidades, ser\u00e1 la primera entrevista.<\/p>\n<p>Pero atenci\u00f3n: simplemente preguntarle a el o la candidata \u201ccu\u00e1les son tus fortalezas\u201d es una estrategia que nos dejar\u00e1 a mitad de camino. Previamente a que esto suceda, debemos por <strong>nosotros mismos trabajar en desarrollar una lista de condiciones deseables y otras que preferimos evitar en un nuevo trabajador.<\/strong><\/p>\n<p>Para hacer esto, lo ideal es basarnos en nuestra experiencia previa:<\/p>\n<ul>\n<li>\u00bfC\u00f3mo son las personas m\u00e1s destacadas en la empresa actualmente?<\/li>\n<li>\u00bfQu\u00e9 caracter\u00edsticas comparten entre s\u00ed?<\/li>\n<li>\u00bfDe qu\u00e9 manera se destacan?<\/li>\n<li>\u00bfQu\u00e9 tipo de liderazgo se fomenta dentro de la organizaci\u00f3n?<\/li>\n<li>\u00bfQu\u00e9 \u00e1reas demandan mayor mano de obra?<\/li>\n<li>\u00bfQu\u00e9 departamentos reportan mayores \u00edndices de rotaci\u00f3n de personal?<\/li>\n<\/ul>\n<p>Toda esta informaci\u00f3n podemos obtenerla o bien cuando solicitamos\/damos <a href=\"https:\/\/factorial.es\/blog\/evaluacion-360\/\">feedback<\/a> en forma individual o mediante los resultados que podemos analizar cuando llevamos adelante <a href=\"https:\/\/factorial.es\/blog\/bajo-rendimiento-laboral\/\">evaluaciones de desempe\u00f1o.<\/a><\/p>\n<p><img decoding=\"async\" class=\"aligncenter size-full wp-image-133596\" src=\"https:\/\/factorial.es\/wp-content\/uploads\/2018\/11\/24134732\/Group-427319316-e1716551332379.png\" alt=\"\" width=\"885\" height=\"550\" srcset=\"https:\/\/factorial.es\/wp-content\/uploads\/2018\/11\/24134732\/Group-427319316-e1716551332379.png 885w, https:\/\/factorial.es\/wp-content\/uploads\/2018\/11\/24134732\/Group-427319316-e1716551332379-300x186.png 300w, https:\/\/factorial.es\/wp-content\/uploads\/2018\/11\/24134732\/Group-427319316-e1716551332379-768x477.png 768w\" sizes=\"(max-width: 885px) 100vw, 885px\" \/><\/p>\n<h2 id=\"entrevista\">C\u00f3mo evaluar fortalezas y debilidades en una entrevista<\/h2>\n<p>Una vez que comenzamos la entrevista, debemos dar por sentado que los candidatos estar\u00e1n de seguro \u201centrenados\u201d para contestar de forma tal de (naturalmente) quedar bajo la mejor luz posible.<\/p>\n<p>Es dif\u00edcil por no decir imposible, que una persona sea 100% honesta respecto de sus debilidades cuando se encuentra en plena b\u00fasqueda laboral. Por eso, <strong>es muy importante prestar atenci\u00f3n a c\u00f3mo describen aquellas caracter\u00edsticas que no son del todo favorables.<\/strong><\/p>\n<p>Una buena idea es prestar atenci\u00f3n al <a href=\"https:\/\/factorial.es\/blog\/lenguaje-no-verbal-reclutamiento\/\">lenguaje no verbal.<\/a> Mucho de lo que decimos las personas, lo comunicamos sin hablar. Si el grado de incomodidad es evidente o si la respuesta no se siente demasiado cre\u00edble, es una se\u00f1al a la que prestar atenci\u00f3n.<\/p>\n<p>En el mismo sentido, puede suceder que lo que el candidato considera negativo sea positivo para su desempe\u00f1o en la empresa o viceversa. Por <strong>ese motivo es importante indagar sobre lo que cuenta el potencial candidato sobre s\u00ed mismo.<\/strong><\/p>\n<p>En lugar de preguntar <em>\u201c\u00bfcu\u00e1les son tus fortalezas y debilidades?\u201d<\/em> estrat\u00e9gicamente es m\u00e1s conveniente <strong>poner a la persona en una situaci\u00f3n hipot\u00e9tica que deba resolver dentro del que podr\u00eda ser su rol,<\/strong> que describa un desaf\u00edo que haya enfrentado en trabajos anteriores, o que simplemente describa alguna cualidad que no le resulta atractiva de una persona o una organizaci\u00f3n.<\/p>\n<p>Esto \u00faltimo es vital ya que, psicol\u00f3gicamente hablando, las personas tendemos a notar en los dem\u00e1s las caracter\u00edsticas negativas que no nos gustan de nosotros mismos.<\/p>\n<p><a href=\"https:\/\/factorial.es\/plantillas\/guia-onboarding\"><img decoding=\"async\" class=\"aligncenter wp-image-136111 size-large\" src=\"https:\/\/factorial.es\/wp-content\/uploads\/2021\/05\/25121013\/Factorial-Blog_banner_guia_onboarding-1024x422.png\" alt=\"Factorial Blog_banner_guia_onboarding\" width=\"1024\" height=\"422\" srcset=\"https:\/\/factorial.es\/wp-content\/uploads\/2021\/05\/25121013\/Factorial-Blog_banner_guia_onboarding-1024x422.png 1024w, https:\/\/factorial.es\/wp-content\/uploads\/2021\/05\/25121013\/Factorial-Blog_banner_guia_onboarding-300x124.png 300w, https:\/\/factorial.es\/wp-content\/uploads\/2021\/05\/25121013\/Factorial-Blog_banner_guia_onboarding-768x317.png 768w, https:\/\/factorial.es\/wp-content\/uploads\/2021\/05\/25121013\/Factorial-Blog_banner_guia_onboarding.png 1212w\" sizes=\"(max-width: 1024px) 100vw, 1024px\" \/><\/a><\/p>\n<h2 id=\"empresa\">Fortalezas y debilidades en una empresa<\/h2>\n<p>Del mismo modo que evaluaremos las fortalezas de una persona que vamos a contratar, es posible hacer este mismo ejercicio pero aplicado a nuestra propia organizaci\u00f3n.<\/p>\n<p>Y de hecho, este es un paso clave que, como mencionamos anteriormente, nos ayudara a <strong>poder comprender con exactitud, aquello que debemos demandar en un potencial trabajador.<\/strong><\/p>\n<p>Existen m\u00faltiples maneras de conocer el \u201clado flaco\u201d de nuestra compa\u00f1\u00eda. Pero sin dudas, una herramienta ideal es el <strong>popularmente conocido cuadro FODA.<\/strong> El FODA o SWOT en ingl\u00e9s es un tipo de mapa estrat\u00e9gico que sirve para evaluar:<\/p>\n<ul>\n<li><strong>Fortalezas<\/strong><\/li>\n<li><strong>Oportunidades<\/strong><\/li>\n<li><strong>Debilidades<\/strong><\/li>\n<li><strong>Amenazas<\/strong><\/li>\n<\/ul>\n<p>Las fortalezas internas pueden incluir el liderazgo ejecutivo que respalda y promueve el desarrollo estrat\u00e9gico, o bien <strong>el conocimiento y la experiencia del personal.<\/strong><\/p>\n<p>Una oportunidad, por ejemplo, ser\u00eda el crecimiento de la fuerza laboral debido al aumento de la demanda de los productos y servicios de la empresa. <strong>M\u00e1s negocios se traduce en mejores aumentos o salarios m\u00e1s altos para el equipo,<\/strong> junto con un crecimiento en la comunidad circundante a trav\u00e9s de la contrataci\u00f3n de m\u00e1s personas.<\/p>\n<p>Restricciones presupuestarias, recortes en condiciones laborales o una alta tasa de rotaci\u00f3n, <strong>pueden ser aspecto d\u00e9biles de una compa\u00f1\u00eda,<\/strong> seguido por la imposibilidad de alcanzar objetivos de negocio.<\/p>\n<p>Por \u00faltimo, <strong>una amenaza puede crearse cuando por ejemplo, un competidor obtiene una ventaja en la participaci\u00f3n de mercado.<\/strong> Esto afecta la rentabilidad y puede resultar en despidos, desaceleraci\u00f3n comercial o cierre.<\/p>\n<h2 id=\"ejemplos\">40 Ejemplos de debilidades y fortalezas<\/h2>\n<p>Si est\u00e1s evaluando cu\u00e1les son los puntos d\u00e9biles de tu empresa o de los candidatos que tienes que entrevistar y todav\u00eda no tienes muy claro exactamente qu\u00e9 es lo que debes conservar o descartar de un potencial trabajador, en esta breve lista te damos algunas de las caracter\u00edsticas m\u00e1s y menos deseables en un profesional a modo de orientaci\u00f3n.<\/p>\n<p><img decoding=\"async\" class=\"aligncenter size-large wp-image-133543\" src=\"https:\/\/factorial.es\/wp-content\/uploads\/2021\/05\/23175255\/Fortalezas-debilidades-1-723x1024.png\" alt=\"Fortalezas-debilidades\" width=\"723\" height=\"1024\" srcset=\"https:\/\/factorial.es\/wp-content\/uploads\/2021\/05\/23175255\/Fortalezas-debilidades-1-723x1024.png 723w, https:\/\/factorial.es\/wp-content\/uploads\/2021\/05\/23175255\/Fortalezas-debilidades-1-212x300.png 212w, https:\/\/factorial.es\/wp-content\/uploads\/2021\/05\/23175255\/Fortalezas-debilidades-1-768x1088.png 768w, https:\/\/factorial.es\/wp-content\/uploads\/2021\/05\/23175255\/Fortalezas-debilidades-1-1084x1536.png 1084w, https:\/\/factorial.es\/wp-content\/uploads\/2021\/05\/23175255\/Fortalezas-debilidades-1-1445x2048.png 1445w\" sizes=\"(max-width: 723px) 100vw, 723px\" \/><\/p>\n<p>Gestionar las fortalezas y debilidades en el onboarding es una tarea esencial para cualquier profesional de Recursos Humanos. De este paso clave depender\u00e1 dar con la persona ideal para cubrir un rol que ayude a concretar objetivos de negocio.<\/p>\n<h2 id=\"mejoronboarding\">Mira c\u00f3mo realizar el mejor onboarding a tu equipo con Factorial<\/h2>\n<p><span style=\"font-weight: 400;\">Existen muchas ventajas de realizar un onboarding exitoso, pero \u00bfC\u00f3mo reconocer qu\u00e9 candidatos son los m\u00e1s adaptables al puesto? Se recomienda usar una plataforma que ayude a detectar las personas m\u00e1s id\u00f3neas y con las fortalezas que requiere el puesto.<\/span><\/p>\n<p>Con Factorial detecta f\u00e1cilmente las fortalezas de un candidato dentro de un proceso de onboarding gracias a sus encuestas personalizadas y a las evaluaciones de desempe\u00f1o personalizadas. <span class=\"s1\"><a href=\"https:\/\/factorial.es\/solicitar-demo\"><b>Agenda una demo gratis y te ense\u00f1amos como gestionar tus procesos de onboarding.<\/b><\/a><\/span><\/p>\n<p><iframe title=\"YouTube video player\" src=\"\/\/www.youtube.com\/embed\/mxWwgbg3AWc?si=MNdjEuxZedkQLzlD\" width=\"560\" height=\"315\" frameborder=\"0\" allowfullscreen=\"allowfullscreen\"><\/iframe><\/p>\n","protected":false},"excerpt":{"rendered":"<p>Se trata de un aspecto vital al momento de conocer a los candidatos para integrarse en un puesto dentro de la empresa. A pesar de ser un t\u00f3pico conocido ampliamente, lo cierto es que son m\u00faltiples los beneficios que reporta saber hacer uso correcto de estos conceptos en RR.HH.<\/p>\n","protected":false},"author":114,"featured_media":133500,"comment_status":"open","ping_status":"closed","sticky":false,"template":"","format":"standard","meta":{"_acf_changed":false,"footnotes":""},"categories":[2],"tags":[],"class_list":["post-47327","post","type-post","status-publish","format-standard","has-post-thumbnail","hentry","category-talent-management-es"],"acf":{"topics":"talent-onboarding"},"yoast_head":"<!-- This site is optimized with the Yoast SEO Premium plugin v21.5 (Yoast SEO v21.9.1) - https:\/\/yoast.com\/wordpress\/plugins\/seo\/ -->\n<title>Fortalezas en una persona y c\u00f3mo detectarlas \ud83d\udca1<\/title>\n<meta name=\"description\" content=\"Descubre cu\u00e1les son las fortalezas en una persona y c\u00f3mo RRHH puede desarrollarlas para mejorar equipos y resultados.\" \/>\n<meta name=\"robots\" content=\"index, follow, max-snippet:-1, max-image-preview:large, max-video-preview:-1\" \/>\n<link rel=\"canonical\" href=\"https:\/\/factorial.es\/blog\/fortalezas-y-debilidades\/\" \/>\n<meta property=\"og:locale\" content=\"es_ES\" \/>\n<meta property=\"og:type\" content=\"article\" \/>\n<meta property=\"og:title\" content=\"Fortalezas y debilidades: c\u00f3mo gestionarlas en el onboarding\" \/>\n<meta property=\"og:description\" content=\"Descubre cu\u00e1les son las fortalezas en una persona y c\u00f3mo RRHH puede desarrollarlas para mejorar equipos y resultados.\" \/>\n<meta property=\"og:url\" content=\"https:\/\/factorial.es\/blog\/fortalezas-y-debilidades\/\" \/>\n<meta property=\"og:site_name\" content=\"Factorial\" \/>\n<meta property=\"article:publisher\" content=\"https:\/\/www.facebook.com\/people\/Factorial\/100064908455810\/\" \/>\n<meta property=\"article:published_time\" content=\"2021-05-07T16:10:43+00:00\" \/>\n<meta property=\"article:modified_time\" content=\"2026-01-29T20:51:57+00:00\" \/>\n<meta property=\"og:image\" content=\"https:\/\/factorial.es\/wp-content\/uploads\/2021\/05\/23141531\/fortalezas-debilidades-thumb-blog-es.png\" \/>\n\t<meta property=\"og:image:width\" content=\"1800\" \/>\n\t<meta property=\"og:image:height\" content=\"976\" \/>\n\t<meta property=\"og:image:type\" content=\"image\/png\" \/>\n<meta name=\"author\" content=\"Greta Gamarra\" \/>\n<meta name=\"twitter:card\" content=\"summary_large_image\" \/>\n<meta name=\"twitter:creator\" content=\"@factorialapp\" \/>\n<meta name=\"twitter:site\" content=\"@factorialapp\" \/>\n<meta name=\"twitter:label1\" content=\"Written by\" \/>\n\t<meta name=\"twitter:data1\" content=\"Greta Gamarra\" \/>\n\t<meta name=\"twitter:label2\" content=\"Est. reading time\" \/>\n\t<meta name=\"twitter:data2\" content=\"9 minutes\" \/>\n<script type=\"application\/ld+json\" class=\"yoast-schema-graph\">{\"@context\":\"https:\/\/schema.org\",\"@graph\":[{\"@type\":\"Article\",\"@id\":\"https:\/\/factorial.es\/blog\/fortalezas-y-debilidades\/#article\",\"isPartOf\":{\"@id\":\"https:\/\/factorial.es\/blog\/fortalezas-y-debilidades\/\"},\"author\":{\"name\":\"Greta Gamarra\",\"@id\":\"https:\/\/factorial.es\/blog\/#\/schema\/person\/2fc107364522534277ab611302aafb39\"},\"headline\":\"Fortalezas y debilidades: c\u00f3mo gestionarlas en el onboarding\",\"datePublished\":\"2021-05-07T16:10:43+00:00\",\"dateModified\":\"2026-01-29T20:51:57+00:00\",\"mainEntityOfPage\":{\"@id\":\"https:\/\/factorial.es\/blog\/fortalezas-y-debilidades\/\"},\"wordCount\":1724,\"commentCount\":0,\"publisher\":{\"@id\":\"https:\/\/factorial.es\/blog\/#organization\"},\"articleSection\":[\"Talent Management\"],\"inLanguage\":\"es\",\"potentialAction\":[{\"@type\":\"CommentAction\",\"name\":\"Comment\",\"target\":[\"https:\/\/factorial.es\/blog\/fortalezas-y-debilidades\/#respond\"]}]},{\"@type\":\"WebPage\",\"@id\":\"https:\/\/factorial.es\/blog\/fortalezas-y-debilidades\/\",\"url\":\"https:\/\/factorial.es\/blog\/fortalezas-y-debilidades\/\",\"name\":\"Fortalezas en una persona y c\u00f3mo detectarlas \ud83d\udca1\",\"isPartOf\":{\"@id\":\"https:\/\/factorial.es\/blog\/#website\"},\"datePublished\":\"2021-05-07T16:10:43+00:00\",\"dateModified\":\"2026-01-29T20:51:57+00:00\",\"description\":\"Descubre cu\u00e1les son las fortalezas en una persona y c\u00f3mo RRHH puede desarrollarlas para mejorar equipos y resultados.\",\"inLanguage\":\"es\",\"potentialAction\":[{\"@type\":\"ReadAction\",\"target\":[\"https:\/\/factorial.es\/blog\/fortalezas-y-debilidades\/\"]}]},{\"@type\":\"WebSite\",\"@id\":\"https:\/\/factorial.es\/blog\/#website\",\"url\":\"https:\/\/factorial.es\/blog\/\",\"name\":\"Factorial\",\"description\":\"\",\"publisher\":{\"@id\":\"https:\/\/factorial.es\/blog\/#organization\"},\"potentialAction\":[{\"@type\":\"SearchAction\",\"target\":{\"@type\":\"EntryPoint\",\"urlTemplate\":\"https:\/\/factorial.es\/blog\/?s={search_term_string}\"},\"query-input\":\"required name=search_term_string\"}],\"inLanguage\":\"es\"},{\"@type\":\"Organization\",\"@id\":\"https:\/\/factorial.es\/blog\/#organization\",\"name\":\"All-in-one business management software - Factorial\",\"url\":\"https:\/\/factorial.es\/blog\/\",\"logo\":{\"@type\":\"ImageObject\",\"inLanguage\":\"es\",\"@id\":\"https:\/\/factorial.es\/blog\/#\/schema\/logo\/image\/\",\"url\":\"https:\/\/factorial.es\/wp-content\/uploads\/2023\/07\/18155144\/factorial-logo.png\",\"contentUrl\":\"https:\/\/factorial.es\/wp-content\/uploads\/2023\/07\/18155144\/factorial-logo.png\",\"width\":946,\"height\":880,\"caption\":\"All-in-one business management software - Factorial\"},\"image\":{\"@id\":\"https:\/\/factorial.es\/blog\/#\/schema\/logo\/image\/\"},\"sameAs\":[\"https:\/\/www.facebook.com\/people\/Factorial\/100064908455810\/\",\"https:\/\/twitter.com\/factorialapp\",\"https:\/\/www.linkedin.com\/company\/factorialhr\",\"https:\/\/www.youtube.com\/@factorialmedia\",\"https:\/\/www.instagram.com\/factorial\/#\"]},{\"@type\":\"Person\",\"@id\":\"https:\/\/factorial.es\/blog\/#\/schema\/person\/2fc107364522534277ab611302aafb39\",\"name\":\"Greta Gamarra\",\"image\":{\"@type\":\"ImageObject\",\"inLanguage\":\"es\",\"@id\":\"https:\/\/factorial.es\/blog\/#\/schema\/person\/image\/\",\"url\":\"https:\/\/secure.gravatar.com\/avatar\/cf1013a8e96575f9c1576e3b9193c0a7?s=96&d=identicon&r=g\",\"contentUrl\":\"https:\/\/secure.gravatar.com\/avatar\/cf1013a8e96575f9c1576e3b9193c0a7?s=96&d=identicon&r=g\",\"caption\":\"Greta Gamarra\"},\"description\":\"\u00a1Hola! Soy Greta Gamarra y trabajo como Content Marketing para el mercado espa\u00f1ol en Factorial. Vine a Barcelona a estudiar un M\u00e1ster en Marketing Digital el cual me permiti\u00f3 ampliar m\u00e1s mis conocimientos dentro de este entorno. Desde el 2019 empec\u00e9 a crear contenido y campa\u00f1as para diferentes plataformas.\",\"sameAs\":[\"https:\/\/www.linkedin.com\/in\/greta-gamarra-guerrero\/\"],\"url\":\"https:\/\/factorial.es\/blog\/author\/greta\/\"}]}<\/script>\n<!-- \/ Yoast SEO Premium plugin. -->","yoast_head_json":{"title":"Fortalezas en una persona y c\u00f3mo detectarlas \ud83d\udca1","description":"Descubre cu\u00e1les son las fortalezas en una persona y c\u00f3mo RRHH puede desarrollarlas para mejorar equipos y resultados.","robots":{"index":"index","follow":"follow","max-snippet":"max-snippet:-1","max-image-preview":"max-image-preview:large","max-video-preview":"max-video-preview:-1"},"canonical":"https:\/\/factorial.es\/blog\/fortalezas-y-debilidades\/","og_locale":"es_ES","og_type":"article","og_title":"Fortalezas y debilidades: c\u00f3mo gestionarlas en el onboarding","og_description":"Descubre cu\u00e1les son las fortalezas en una persona y c\u00f3mo RRHH puede desarrollarlas para mejorar equipos y resultados.","og_url":"https:\/\/factorial.es\/blog\/fortalezas-y-debilidades\/","og_site_name":"Factorial","article_publisher":"https:\/\/www.facebook.com\/people\/Factorial\/100064908455810\/","article_published_time":"2021-05-07T16:10:43+00:00","article_modified_time":"2026-01-29T20:51:57+00:00","og_image":[{"width":1800,"height":976,"url":"https:\/\/factorial.es\/wp-content\/uploads\/2021\/05\/23141531\/fortalezas-debilidades-thumb-blog-es.png","type":"image\/png"}],"author":"Greta Gamarra","twitter_card":"summary_large_image","twitter_creator":"@factorialapp","twitter_site":"@factorialapp","twitter_misc":{"Written by":"Greta Gamarra","Est. reading time":"9 minutes"},"schema":{"@context":"https:\/\/schema.org","@graph":[{"@type":"Article","@id":"https:\/\/factorial.es\/blog\/fortalezas-y-debilidades\/#article","isPartOf":{"@id":"https:\/\/factorial.es\/blog\/fortalezas-y-debilidades\/"},"author":{"name":"Greta Gamarra","@id":"https:\/\/factorial.es\/blog\/#\/schema\/person\/2fc107364522534277ab611302aafb39"},"headline":"Fortalezas y debilidades: c\u00f3mo gestionarlas en el onboarding","datePublished":"2021-05-07T16:10:43+00:00","dateModified":"2026-01-29T20:51:57+00:00","mainEntityOfPage":{"@id":"https:\/\/factorial.es\/blog\/fortalezas-y-debilidades\/"},"wordCount":1724,"commentCount":0,"publisher":{"@id":"https:\/\/factorial.es\/blog\/#organization"},"articleSection":["Talent Management"],"inLanguage":"es","potentialAction":[{"@type":"CommentAction","name":"Comment","target":["https:\/\/factorial.es\/blog\/fortalezas-y-debilidades\/#respond"]}]},{"@type":"WebPage","@id":"https:\/\/factorial.es\/blog\/fortalezas-y-debilidades\/","url":"https:\/\/factorial.es\/blog\/fortalezas-y-debilidades\/","name":"Fortalezas en una persona y c\u00f3mo detectarlas \ud83d\udca1","isPartOf":{"@id":"https:\/\/factorial.es\/blog\/#website"},"datePublished":"2021-05-07T16:10:43+00:00","dateModified":"2026-01-29T20:51:57+00:00","description":"Descubre cu\u00e1les son las fortalezas en una persona y c\u00f3mo RRHH puede desarrollarlas para mejorar equipos y resultados.","inLanguage":"es","potentialAction":[{"@type":"ReadAction","target":["https:\/\/factorial.es\/blog\/fortalezas-y-debilidades\/"]}]},{"@type":"WebSite","@id":"https:\/\/factorial.es\/blog\/#website","url":"https:\/\/factorial.es\/blog\/","name":"Factorial","description":"","publisher":{"@id":"https:\/\/factorial.es\/blog\/#organization"},"potentialAction":[{"@type":"SearchAction","target":{"@type":"EntryPoint","urlTemplate":"https:\/\/factorial.es\/blog\/?s={search_term_string}"},"query-input":"required name=search_term_string"}],"inLanguage":"es"},{"@type":"Organization","@id":"https:\/\/factorial.es\/blog\/#organization","name":"All-in-one business management software - Factorial","url":"https:\/\/factorial.es\/blog\/","logo":{"@type":"ImageObject","inLanguage":"es","@id":"https:\/\/factorial.es\/blog\/#\/schema\/logo\/image\/","url":"https:\/\/factorial.es\/wp-content\/uploads\/2023\/07\/18155144\/factorial-logo.png","contentUrl":"https:\/\/factorial.es\/wp-content\/uploads\/2023\/07\/18155144\/factorial-logo.png","width":946,"height":880,"caption":"All-in-one business management software - Factorial"},"image":{"@id":"https:\/\/factorial.es\/blog\/#\/schema\/logo\/image\/"},"sameAs":["https:\/\/www.facebook.com\/people\/Factorial\/100064908455810\/","https:\/\/twitter.com\/factorialapp","https:\/\/www.linkedin.com\/company\/factorialhr","https:\/\/www.youtube.com\/@factorialmedia","https:\/\/www.instagram.com\/factorial\/#"]},{"@type":"Person","@id":"https:\/\/factorial.es\/blog\/#\/schema\/person\/2fc107364522534277ab611302aafb39","name":"Greta Gamarra","image":{"@type":"ImageObject","inLanguage":"es","@id":"https:\/\/factorial.es\/blog\/#\/schema\/person\/image\/","url":"https:\/\/secure.gravatar.com\/avatar\/cf1013a8e96575f9c1576e3b9193c0a7?s=96&d=identicon&r=g","contentUrl":"https:\/\/secure.gravatar.com\/avatar\/cf1013a8e96575f9c1576e3b9193c0a7?s=96&d=identicon&r=g","caption":"Greta Gamarra"},"description":"\u00a1Hola! Soy Greta Gamarra y trabajo como Content Marketing para el mercado espa\u00f1ol en Factorial. Vine a Barcelona a estudiar un M\u00e1ster en Marketing Digital el cual me permiti\u00f3 ampliar m\u00e1s mis conocimientos dentro de este entorno. Desde el 2019 empec\u00e9 a crear contenido y campa\u00f1as para diferentes plataformas.","sameAs":["https:\/\/www.linkedin.com\/in\/greta-gamarra-guerrero\/"],"url":"https:\/\/factorial.es\/blog\/author\/greta\/"}]}},"_links":{"self":[{"href":"https:\/\/factorial.es\/blog\/wp-json\/wp\/v2\/posts\/47327"}],"collection":[{"href":"https:\/\/factorial.es\/blog\/wp-json\/wp\/v2\/posts"}],"about":[{"href":"https:\/\/factorial.es\/blog\/wp-json\/wp\/v2\/types\/post"}],"author":[{"embeddable":true,"href":"https:\/\/factorial.es\/blog\/wp-json\/wp\/v2\/users\/114"}],"replies":[{"embeddable":true,"href":"https:\/\/factorial.es\/blog\/wp-json\/wp\/v2\/comments?post=47327"}],"version-history":[{"count":24,"href":"https:\/\/factorial.es\/blog\/wp-json\/wp\/v2\/posts\/47327\/revisions"}],"predecessor-version":[{"id":179355,"href":"https:\/\/factorial.es\/blog\/wp-json\/wp\/v2\/posts\/47327\/revisions\/179355"}],"wp:featuredmedia":[{"embeddable":true,"href":"https:\/\/factorial.es\/blog\/wp-json\/wp\/v2\/media\/133500"}],"wp:attachment":[{"href":"https:\/\/factorial.es\/blog\/wp-json\/wp\/v2\/media?parent=47327"}],"wp:term":[{"taxonomy":"category","embeddable":true,"href":"https:\/\/factorial.es\/blog\/wp-json\/wp\/v2\/categories?post=47327"},{"taxonomy":"post_tag","embeddable":true,"href":"https:\/\/factorial.es\/blog\/wp-json\/wp\/v2\/tags?post=47327"}],"curies":[{"name":"wp","href":"https:\/\/api.w.org\/{rel}","templated":true}]}}