{"id":51557,"date":"2021-07-02T16:23:39","date_gmt":"2021-07-02T14:23:39","guid":{"rendered":"https:\/\/factorialhr.com\/blog\/?p=51557"},"modified":"2026-02-04T03:36:27","modified_gmt":"2026-02-04T01:36:27","slug":"gestion-de-personas-10-practicas-rrhh","status":"publish","type":"post","link":"https:\/\/factorial.es\/blog\/gestion-de-personas-10-practicas-rrhh\/","title":{"rendered":"Gesti\u00f3n de personas en empresas: 10 pr\u00e1cticas de RR.HH."},"content":{"rendered":"<p>El capital humano es el mayor activo de una empresa. Y saber c\u00f3mo cultivarlo mientras se cumplen los objetivos de crecimiento y expansi\u00f3n de una organizaci\u00f3n es uno de los mayores desaf\u00edos en la gesti\u00f3n de personas en la actualidad. <!--more--><\/p>\n<p>Las estrategias que utilizan las empresas para promover y desarrollar el capital humano deben buscar el equilibrio entre el <a href=\"https:\/\/factorial.es\/blog\/teletrabajo\/\">bienestar laboral,<\/a> la <a href=\"https:\/\/factorial.es\/blog\/productividad-laboral-tecnicas\/\">productividad<\/a> y la <a href=\"https:\/\/factorial.es\/blog\/gestionar-seguimiento-formacion-empresa\/\">formaci\u00f3n continua<\/a> de los profesionales.<\/p>\n<p><span style=\"font-weight: 400;\">Esta misi\u00f3n no es responsabilidad exclusiva del departamento de RR.HH: hoy en d\u00eda, la gesti\u00f3n de personas es un trabajo conjunto del <\/span><a href=\"https:\/\/factorial.es\/blog\/estilos-liderazgo-empresas\/\"><span style=\"font-weight: 400;\">liderazgo<\/span><\/a><span style=\"font-weight: 400;\"> de la empresa y los profesionales de RR.<\/span><span style=\"font-weight: 400;\">HH. <\/span><\/p>\n<p><span style=\"font-weight: 400;\">Mientras que los gerentes est\u00e1n a cargo de coordinar su propio equipo, RR.HH. es responsable de asegurar que tanto los l\u00edderes como los subordinados tengan las mejores condiciones posibles para realizar sus funciones y as\u00ed mejorar el <\/span><a href=\"https:\/\/factorial.es\/blog\/mejorar-employee-experience\/\"><span style=\"font-weight: 400;\">employee experience<\/span><\/a><span style=\"font-weight: 400;\">.<\/span><\/p>\n<div class=\"js-toc toc\">\n<p class=\"js-toc-title toc__title\">Tabla de contenidos<\/p>\n<nav id=\"fac_toc_nav\" class=\"js-toc-nav toc__nav\" aria-label=\"Tabla de contenidos\"><ol class=\"toc__list toc__list--level-1\"><li class=\"toc-heading-level-2\"><a class=\"toc__link toc-link-heading-1\" href=\"https:\/\/factorial.es\/blog\/gestion-de-personas-10-practicas-rrhh\/#gestion-de-personas-vs-gestion-de-recursos-humanos\" title=\"Gesti\u00f3n de personas vs gesti\u00f3n de recursos humanos\" data-target-id=\"gestion-de-personas-vs-gestion-de-recursos-humanos\">Gesti\u00f3n de personas vs gesti\u00f3n de recursos humanos<\/a><\/li><li class=\"toc-heading-level-2\"><a class=\"toc__link toc-link-heading-2\" href=\"https:\/\/factorial.es\/blog\/gestion-de-personas-10-practicas-rrhh\/#los-5-fundamentos-para-gestionar-personas\" title=\"Los 5 fundamentos para gestionar personas\" data-target-id=\"los-5-fundamentos-para-gestionar-personas\">Los 5 fundamentos para gestionar personas<\/a><\/li><li class=\"toc-heading-level-2\"><a class=\"toc__link toc-link-heading-3\" href=\"https:\/\/factorial.es\/blog\/gestion-de-personas-10-practicas-rrhh\/#10-consejos-practicos-para-mejorar-la-gestion-de-personas-en-tu-empresa\" title=\"10 consejos pr\u00e1cticos para mejorar la gesti\u00f3n de personas en tu empresa\" data-target-id=\"10-consejos-practicos-para-mejorar-la-gestion-de-personas-en-tu-empresa\">10 consejos pr\u00e1cticos para mejorar la gesti\u00f3n de personas en tu empresa<\/a><\/li><\/ol><\/nav><\/div>\n<p><b><a name=\"gestion-de-personas\"><\/a>\u00bfQu\u00e9 es la gesti\u00f3n de personas?<\/b><\/p>\n<p><span style=\"font-weight: 400;\">La gesti\u00f3n de personas es un conjunto de habilidades, t\u00e9cnicas y m\u00e9todos para asegurar que los empleados de una empresa se involucren en su actividad y encuentren las mejores condiciones posibles para desempe\u00f1ar su funci\u00f3n dentro de esa organizaci\u00f3n.<\/span><\/p>\n<p><span style=\"font-weight: 400;\">Por tanto, esta estrategia se basa en medidas encaminadas a la constante evoluci\u00f3n de los empleados y a promover su bienestar. Fomenta pr\u00e1cticas para involucrar, valorar, desarrollar, instruir y apoyar a los empleados, con el fin de lograr las metas organizacionales.<\/span><\/p>\n<p><span style=\"font-weight: 400;\">Como est\u00e1n directamente conectados, la gesti\u00f3n de personas <\/span><b>se utiliza a menudo como sin\u00f3nimo de gesti\u00f3n de recursos humanos.<\/b><\/p>\n<h2><b><a name=\"vs\"><\/a>Gesti\u00f3n de personas vs gesti\u00f3n de recursos humanos<\/b><\/h2>\n<p><span style=\"font-weight: 400;\">Para entender la diferencia en t\u00e9rminos, debemos recordar que la gesti\u00f3n de personas, adem\u00e1s del sector de RR.HH., tambi\u00e9n la llevan a cabo otros sectores de la empresa. Por ejemplo, el director de marketing podr\u00eda crear una estrategia de gesti\u00f3n de personas espec\u00edfica para su equipo.<\/span><\/p>\n<p><span style=\"font-weight: 400;\">Por supuesto, el departamento de recursos humanos tambi\u00e9n estar\u00eda involucrado en esta acci\u00f3n. Esto se debe a que <\/span><b>corresponde a esta divisi\u00f3n de la empresa brindar las herramientas y el conocimiento<\/b><span style=\"font-weight: 400;\"> para quienes, de hecho, trabajan en la gesti\u00f3n de empleados: los gerentes.<\/span><\/p>\n<p><span style=\"font-weight: 400;\">Aunque el departamento de RR.HH. no es el \u00fanico responsable de la gesti\u00f3n de equipos, es a trav\u00e9s de \u00e9l que la gesti\u00f3n de personas se hace m\u00e1s evidente. Y no hay duda de que est\u00e1 directamente relacionado con el \u00e9xito de la gesti\u00f3n de personas dentro de las organizaciones.<\/span><\/p>\n<p><a href=\"https:\/\/factorial.es\/plantillas\/test-motivacion-laboral\"><img decoding=\"async\" class=\"aligncenter wp-image-136814 size-large\" src=\"https:\/\/factorial.es\/wp-content\/uploads\/2020\/12\/02131209\/Factorial-Blog_banner_motivacion-laboral-1024x422.png\" alt=\"Factorial Blog_banner_motivacion-laboral\" width=\"1024\" height=\"422\" srcset=\"https:\/\/factorial.es\/wp-content\/uploads\/2020\/12\/02131209\/Factorial-Blog_banner_motivacion-laboral-1024x422.png 1024w, https:\/\/factorial.es\/wp-content\/uploads\/2020\/12\/02131209\/Factorial-Blog_banner_motivacion-laboral-300x124.png 300w, https:\/\/factorial.es\/wp-content\/uploads\/2020\/12\/02131209\/Factorial-Blog_banner_motivacion-laboral-768x317.png 768w, https:\/\/factorial.es\/wp-content\/uploads\/2020\/12\/02131209\/Factorial-Blog_banner_motivacion-laboral.png 1212w\" sizes=\"(max-width: 1024px) 100vw, 1024px\" \/><\/a><\/p>\n<h2><b><a name=\"fundamentos\"><\/a>Los 5 fundamentos para gestionar personas<\/b><\/h2>\n<p><span style=\"font-weight: 400;\">Sabemos que la gesti\u00f3n de recursos humanos implica una serie de procedimientos alineados con los objetivos organizacionales de una empresa. Con la evoluci\u00f3n del mercado y las diferentes t\u00e9cnicas de <a href=\"https:\/\/factorial.es\/funcionalidades\">gesti\u00f3n empresarial<\/a>, <\/span><b>el departamento de RR.HH. asumi\u00f3 un papel m\u00e1s estrat\u00e9gico.<\/b><\/p>\n<p><span style=\"font-weight: 400;\">En este movimiento, los directivos acaban siendo responsables de gestionar sus propios equipos. Tanto el departamento de RR.HH. como los responsables de diferentes sectores de la empresa deben tener en cuenta algunos conceptos clave a la hora de pensar e implementar estrategias para la gesti\u00f3n de personas. Veamos a continuaci\u00f3n:<\/span><\/p>\n<h3><strong><a name=\"motivaci\u00f3n\"><\/a>Motivaci\u00f3n<\/strong><\/h3>\n<p><span style=\"font-weight: 400;\">Los empleados motivados administran bien su tiempo de trabajo y tienen mejores tasas de productividad. Sin embargo, no siempre es f\u00e1cil ver el nivel de satisfacci\u00f3n de los empleados. La motivaci\u00f3n es un sentimiento individual, influenciado por varios factores, como:<\/span><\/p>\n<ul>\n<li style=\"font-weight: 400;\" aria-level=\"1\"><span style=\"font-weight: 400;\">Sueldo;<\/span><\/li>\n<li style=\"font-weight: 400;\" aria-level=\"1\"><span style=\"font-weight: 400;\">Beneficios corporativos;<\/span><\/li>\n<li style=\"font-weight: 400;\" aria-level=\"1\"><span style=\"font-weight: 400;\">Infraestructura de trabajo;<\/span><\/li>\n<li style=\"font-weight: 400;\" aria-level=\"1\"><span style=\"font-weight: 400;\">Relaciones interpersonales;<\/span><\/li>\n<li style=\"font-weight: 400;\" aria-level=\"1\"><span style=\"font-weight: 400;\">Visi\u00f3n sobre l\u00edderes;<\/span><\/li>\n<li style=\"font-weight: 400;\" aria-level=\"1\"><span style=\"font-weight: 400;\">Potencial de crecimiento;<\/span><\/li>\n<li style=\"font-weight: 400;\" aria-level=\"1\"><span style=\"font-weight: 400;\">Asignaciones de responsabilidades;<\/span><\/li>\n<li style=\"font-weight: 400;\" aria-level=\"1\"><span style=\"font-weight: 400;\">Carga de trabajo<\/span><\/li>\n<\/ul>\n<p><span style=\"font-weight: 400;\">Por lo tanto, es funci\u00f3n de los gerentes comprender qu\u00e9 estimula a cada empleado y as\u00ed desarrollar t\u00e1cticas que produzcan los efectos esperados.<\/span><\/p>\n<p><a href=\"https:\/\/factorial.es\/blog\/productividad-laboral-tecnicas\/\"><b>\ud83d\udc49 \u00a1Vea 12 t\u00e9cnicas para aumentar la productividad laboral!<\/b><\/a><\/p>\n<h3><strong><a name=\"comunicacion\"><\/a>Comunicaci\u00f3n<\/strong><\/h3>\n<p><span style=\"font-weight: 400;\">Independientemente del puesto o sector de actividad, todo profesional quiere ser escuchado. Cuando alguien se siente sin voz, tambi\u00e9n tiende a desanimarse. Por lo tanto, es importante que RR.HH. elimine el ruido que puede interrumpir los procesos y las relaciones profesionales y romper las barreras de comunicaci\u00f3n dentro de la empresa.<\/span><\/p>\n<p><span style=\"font-weight: 400;\">Cuando una organizaci\u00f3n promueve una <\/span><a href=\"https:\/\/factorial.es\/blog\/comunicacion-interna-empresa\/\"><span style=\"font-weight: 400;\">comunicaci\u00f3n interna<\/span><\/a><span style=\"font-weight: 400;\"> transparente, los profesionales se sienten m\u00e1s seguros al participar y expresar ideas. Adem\u00e1s, la tecnolog\u00eda proporciona herramientas que permiten una mayor interacci\u00f3n e intercambio de experiencias entre los diferentes niveles del <\/span><a href=\"https:\/\/factorial.es\/blog\/que-es-organigrama-empresa-tipos-plantillas\/\"><span style=\"font-weight: 400;\">organigrama.<\/span><\/a><\/p>\n<h3><strong><a name=\"liderazgo\"><\/a>Liderazgo<\/strong><\/h3>\n<p><span style=\"font-weight: 400;\">En cierto modo, el liderazgo es la capacidad de atraer a las personas, inspirarlas e influir en los comportamientos que conducen a resultados positivos. Tambi\u00e9n es una relaci\u00f3n rec\u00edproca entre el gerente y sus colaboradores. Un profesional puede rendir mucho m\u00e1s cuando trabaja bajo las coordenadas de un l\u00edder que<\/span><b> le sirve de modelo e inspiraci\u00f3n.<\/b><\/p>\n<p><span style=\"font-weight: 400;\">A pesar de ello, no es raro que la vocaci\u00f3n de liderar un equipo se esconda detr\u00e1s de numerosos factores internos y externos, muchas veces ignorados por el propio empleado. Algunos ejemplos:<\/span><\/p>\n<ul>\n<li style=\"font-weight: 400;\" aria-level=\"1\"><span style=\"font-weight: 400;\">Buena relaci\u00f3n con compa\u00f1eros y jefes.<\/span><\/li>\n<li style=\"font-weight: 400;\" aria-level=\"1\"><span style=\"font-weight: 400;\">Estabilidad y seguridad en el trabajo<\/span><\/li>\n<li style=\"font-weight: 400;\" aria-level=\"1\"><span style=\"font-weight: 400;\">Reconocimiento y mejora de sus habilidades<\/span><\/li>\n<li style=\"font-weight: 400;\" aria-level=\"1\"><span style=\"font-weight: 400;\">Autonom\u00eda para la toma de decisiones<\/span><\/li>\n<li style=\"font-weight: 400;\" aria-level=\"1\"><span style=\"font-weight: 400;\">Iniciativa en proyectos complejos<\/span><\/li>\n<li style=\"font-weight: 400;\" aria-level=\"1\"><span style=\"font-weight: 400;\">Inteligencia emocional<\/span><\/li>\n<li style=\"font-weight: 400;\" aria-level=\"1\"><span style=\"font-weight: 400;\">impulso para la innovaci\u00f3n<\/span><\/li>\n<li style=\"font-weight: 400;\" aria-level=\"1\"><span style=\"font-weight: 400;\">Visi\u00f3n estrat\u00e9gica<\/span><\/li>\n<\/ul>\n<p><span style=\"font-weight: 400;\">Como podemos ver, la calificaci\u00f3n de un l\u00edder va mucho m\u00e1s all\u00e1 de sus habilidades t\u00e9cnicas, tambi\u00e9n es necesario invertir en sus habilidades blandas. Es parte de la estrategia de gesti\u00f3n de personas no solo identificar a los l\u00edderes potenciales, sino tambi\u00e9n crear un entorno propicio para que desarrollen y motiven a otros empleados dentro de la empresa.<\/span><\/p>\n<h3><strong><a name=\"habilidades\"><\/a>Habilidades<\/strong><\/h3>\n<p><span style=\"font-weight: 400;\">\u00bfCu\u00e1les son las<\/span><a href=\"https:\/\/factorial.es\/blog\/fortalezas-y-debilidades\/\"><span style=\"font-weight: 400;\"> fortalezas y debilidades<\/span><\/a><span style=\"font-weight: 400;\"> de los empleados? \u00bfC\u00f3mo utilizarlos para diferentes prop\u00f3sitos en el entorno empresarial? Esta es la premisa de la gesti\u00f3n por competencias, que utiliza la convergencia de conocimientos y habilidades como motor para obtener resultados superiores en la empresa.<\/span><\/p>\n<p><span style=\"font-weight: 400;\">Darse cuenta de las diferencias y canalizar las caracter\u00edsticas individuales de cada colaborador a diferentes proyectos interdisciplinares, alineados con los objetivos generales de la organizaci\u00f3n, es una t\u00e9cnica de gesti\u00f3n de personas eficaz. <\/span><\/p>\n<p><span style=\"font-weight: 400;\">Al final, se trata de ensalzar las cualidades positivas. <\/span><span style=\"font-weight: 400;\">Esto incluye minimizar la interferencia de denegaciones en el ejercicio de la funci\u00f3n de cada profesional.<\/span><\/p>\n<h3><strong><a name=\"formacion\"><\/a>Formaci\u00f3n y desarrollo<\/strong><\/h3>\n<p><span style=\"font-weight: 400;\">Sabemos que para lograr excelentes resultados, una empresa tambi\u00e9n depende de una alta calificaci\u00f3n profesional. Especialmente en tiempos y en el actual mercado laboral altamente din\u00e1mico y competitivo.<\/span><\/p>\n<p><span style=\"font-weight: 400;\">Es fundamental garantizar una formaci\u00f3n profesional adecuada y una actualizaci\u00f3n constante de competencias. Esto no solo es para garantizar las habilidades profesionales necesarias para el negocio principal de una empresa,<\/span><b> sino tambi\u00e9n para motivar a los empleados.<\/b><\/p>\n<p><span style=\"font-weight: 400;\">Por tanto, la planificaci\u00f3n objetiva de la formaci\u00f3n y el desarrollo interno es otro pilar de la gesti\u00f3n de personas en las organizaciones. Aunque a menudo se tratan como sin\u00f3nimos, la formaci\u00f3n y el desarrollo de las personas son t\u00e9rminos distintos.\u00a0<\/span><\/p>\n<p><span style=\"font-weight: 400;\">Mientras que el primero se desarrolla en base a una necesidad, oportunidad o problema espec\u00edfico, el desarrollo tiene un sentido m\u00e1s amplio,<\/span><b> relacionado con el objetivo de mejora continua y de largo plazo en la empresa.<\/b><\/p>\n<h2><b><a name=\"consejos\"><\/a>10 consejos pr\u00e1cticos para mejorar la gesti\u00f3n de personas en tu empresa<\/b><\/h2>\n<p><span style=\"font-weight: 400;\">Muchas empresas quieren mejorar sus procedimientos y metodolog\u00eda de gesti\u00f3n de personas para optimizar el uso de los recursos humanos. Pero no siempre es f\u00e1cil identificar d\u00f3nde comenzar este proceso.<\/span><\/p>\n<p><span style=\"font-weight: 400;\">Es por eso que a continuaci\u00f3n enumeramos diez consejos pr\u00e1cticos, acompa\u00f1ados de art\u00edculos llenos de informaci\u00f3n valiosa:<\/span><\/p>\n<h3><b>1) Centraliza la gesti\u00f3n documental de su empresa<\/b><\/h3>\n<p><span style=\"font-weight: 400;\">Las empresas procesan grandes cantidades de documentos de sus empleados: contratos, n\u00f3minas, hojas de asistencia, bajas por enfermedad, calendarios, evaluaciones de desempe\u00f1o y m\u00e1s.<\/span><\/p>\n<p><span style=\"font-weight: 400;\">Es imposible gestionar personas sin conocerlas y sin percatarse de su puesto y trayectoria dentro de la empresa. En este sentido, el primer paso para mejorar la gesti\u00f3n humana en su empresa es asegurar que la informaci\u00f3n de los empleados est\u00e9 disponible no solo para el equipo de RR.HH. sino tambi\u00e9n para su gerente y el propio empleado.<\/span><\/p>\n<p><span style=\"font-weight: 400;\">La <\/span><a href=\"https:\/\/factorial.es\/blog\/software-para-empresas\/\"><span style=\"font-weight: 400;\">digitalizaci\u00f3n<\/span><\/a><span style=\"font-weight: 400;\"> de documentos y su centralizaci\u00f3n en un \u00fanico sistema asegura que todas las partes interesadas puedan acceder a informaci\u00f3n relevante para el desarrollo profesional de cada empleado.<\/span><\/p>\n<h3><b>2) Fomenta la comunicaci\u00f3n abierta<\/b><\/h3>\n<p><span style=\"font-weight: 400;\">La comunicaci\u00f3n es fundamental para el buen desempe\u00f1o de todos, para la buena relaci\u00f3n entre compa\u00f1eros de trabajo y para la efectividad de los proyectos en cada departamento. Sobre todo, es la \u00fanica forma de garantizar que todos est\u00e9n alineados para alcanzar los mismos objetivos comerciales.<\/span><\/p>\n<p><span style=\"font-weight: 400;\">Fomentar la comunicaci\u00f3n abierta entre compa\u00f1eros, superiores y subordinados mejora la relaci\u00f3n entre todos y, en \u00faltima instancia, el entorno laboral. <\/span><b>Adem\u00e1s, ayuda a detectar <\/b><a href=\"https:\/\/factorial.es\/blog\/manejo-resolucion-conflictos-laborales\/\"><b>conflictos laborales<\/b><\/a><b> y realizar la gesti\u00f3n de conflictos de manera m\u00e1s eficiente.<\/b><\/p>\n<p><a href=\"https:\/\/factorial.es\/plantillas\/plantilla-comunicacion-interna\"><b>\ud83d\udc49Paso a paso: c\u00f3mo hacer un plan de comunicaci\u00f3n interna.<\/b><\/a><\/p>\n<h3><b>3) Eval\u00faa el desempe\u00f1o de tus empleados de manera sistem\u00e1tica<\/b><\/h3>\n<p><span style=\"font-weight: 400;\">La evaluaci\u00f3n del desempe\u00f1o est\u00e1 directamente relacionada con el control de la productividad interna de una empresa. Este conjunto de t\u00e9cnicas para examinar el desempe\u00f1o individual es esencial para confirmar si se est\u00e1n logrando las metas de los empleados. <\/span><b>En caso contrario, este an\u00e1lisis sirve de base para corregir la ruta.<\/b><\/p>\n<p><span style=\"font-weight: 400;\">Tambi\u00e9n te permite planificar aspectos como aumentos salariales, promociones y traslados internos o beneficios corporativos. Esto ayuda a mejorar la motivaci\u00f3n de ese profesional exitoso. Existen varios m\u00e9todos y formas de organizar evaluaciones dentro de la empresa. Uno de los m\u00e1s comunes es la evaluaci\u00f3n por parte del supervisor inmediato.<\/span><\/p>\n<p><span style=\"font-weight: 400;\">Es importante definir una periodicidad y un sistema de indicadores para los an\u00e1lisis. La Evaluaci\u00f3n de 360 \u200b\u200bgrados, ya que incluye las opiniones del jefe, los compa\u00f1eros, el cliente y el propio empleado, es mucho m\u00e1s compleja y tarda m\u00e1s en producirse. <\/span><b>Es por eso que organizarlo una vez al a\u00f1o tiene m\u00e1s sentido que una evaluaci\u00f3n est\u00e1ndar realizada cada trimestre.<\/b><\/p>\n<p><span style=\"font-weight: 400;\">Asimismo, los <\/span><a href=\"https:\/\/factorial.es\/blog\/indicadores-recursos-humanos-kpi\/\"><span style=\"font-weight: 400;\">indicadores claves o KPI\u00b4s<\/span><\/a><span style=\"font-weight: 400;\"> deben seguir un mismo modelo que permita la comparaci\u00f3n de datos entre diferentes profesionales e incluso departamentos durante un per\u00edodo de tiempo.<\/span><\/p>\n<h3><b>4) Apuesta por la retroalimentaci\u00f3n continua como forma de gesti\u00f3n del desempe\u00f1o<\/b><\/h3>\n<p><span style=\"font-weight: 400;\">La retroalimentaci\u00f3n no solo debe llegar al final de una revisi\u00f3n de desempe\u00f1o, sino todo lo contrario. Hacer esta pr\u00e1ctica constante y consistente permite la creaci\u00f3n de un ambiente de di\u00e1logo frecuente entre empleados y gerentes de la empresa, <\/span><b>con la definici\u00f3n de metas m\u00e1s claras y fluidas. Esto es lo que llamamos retroalimentaci\u00f3n continua<\/b><\/p>\n<p><span style=\"font-weight: 400;\">Este tipo de acci\u00f3n es valiosa para la gesti\u00f3n de equipos y un gran est\u00edmulo para la motivaci\u00f3n en el trabajo. Con la retroalimentaci\u00f3n continua, puede concentrarse en los problemas y eliminarlos a medida que surgen. De esta forma se optimiza el desempe\u00f1o de los gerentes y se posibilita una gesti\u00f3n m\u00e1s din\u00e1mica y eficaz.<\/span><\/p>\n<h3><b>5) Realiza capacitaciones y empodera a tus equipos<\/b><\/h3>\n<p><span style=\"font-weight: 400;\">A partir de las evaluaciones de desempe\u00f1o, es posible reconocer qu\u00e9 competencias faltan. Con esto, es posible verificar las necesidades de la funci\u00f3n de cada profesional y del negocio en su conjunto.<\/span><\/p>\n<p><span style=\"font-weight: 400;\">Una vez identificadas las brechas en la capacitaci\u00f3n de un empleado o de un equipo en particular, los gerentes de recursos humanos pueden promover cursos y capacitaciones para superar los desaf\u00edos persistentes.<\/span><\/p>\n<p><span style=\"font-weight: 400;\">Es importante alinear estos incentivos para garantizar opciones adecuadas tanto para el empleado como para la estrategia empresarial.<\/span><\/p>\n<h3><b>6) Desarrolla planes de carrera<\/b><\/h3>\n<p><span style=\"font-weight: 400;\">Finalmente, debe preocuparse por el desarrollo a largo plazo de los empleados de su empresa. Sentirse desafiado y estar en un modo de aprendizaje constante <\/span><b>es de suma importancia para mantener la motivaci\u00f3n profesional.<\/b><\/p>\n<p><span style=\"font-weight: 400;\">M\u00e1s que eso, todo colaborador considera su posibilidad de crecimiento en la empresa como un motivo de permanencia o incluso de b\u00fasqueda de nuevas oportunidades. Tener un <\/span><a href=\"https:\/\/factorial.es\/blog\/planes-de-carrera-rrhh\/\"><span style=\"font-weight: 400;\">plan de carrera<\/span><\/a><span style=\"font-weight: 400;\"> claro y coherente en la empresa es una forma de asegurar a sus empleados que sus esfuerzos ser\u00e1n recompensados. Son, por tanto, fundamentales para la retenci\u00f3n del talento.<\/span><\/p>\n<h3><b>7) Optimiza el proceso de atracci\u00f3n de talento<\/b><\/h3>\n<p><span style=\"font-weight: 400;\">Adem\u00e1s de evaluar c\u00f3mo retener a los mejores talentos en su empresa, tambi\u00e9n es importante recordar la atracci\u00f3n de talento inicial. Despu\u00e9s de todo, el proceso de <\/span><a href=\"https:\/\/factorial.es\/blog\/costes-mala-contratacion-recursos-humanos\/\"><span style=\"font-weight: 400;\">contrataci\u00f3n<\/span><\/a><span style=\"font-weight: 400;\"> y selecci\u00f3n es la primera \u00e1rea de contacto de los futuros profesionales con su empresa.<\/span><\/p>\n<p><span style=\"font-weight: 400;\">Para mejorarlo, es necesario desarrollar el <\/span><a href=\"https:\/\/factorial.es\/blog\/employer-branding-empresa\/\"><span style=\"font-weight: 400;\">employer branding<\/span><\/a><span style=\"font-weight: 400;\"> e identificar qu\u00e9 beneficios posicionan su marca como atractiva a los ojos de quienes buscan inserci\u00f3n en el mercado laboral. Una buena pr\u00e1ctica es ofrecer retroalimentaci\u00f3n a los candidatos, incluso si es negativa, que muestre preocupaci\u00f3n por las personas (\u00a1que incluso pueden probar una nueva oportunidad en el futuro!).<\/span><\/p>\n<p><a href=\"https:\/\/factorial.es\/plantillas\/modelo-para-una-entrevista-de-trabajo\"><b>\ud83d\udc49 \u00a1Descarga una plantilla para realizar entrevistas laborales!<\/b><\/a><\/p>\n<h3><b>8) Fomenta la cultura organizacional de la empresa<\/b><\/h3>\n<p><span style=\"font-weight: 400;\">Podemos decir que \u201cla cultura organizacional es ese conjunto de normas, <\/span><a href=\"https:\/\/factorial.es\/blog\/valores-de-una-empresa\/\"><span style=\"font-weight: 400;\">valores,<\/span><\/a><span style=\"font-weight: 400;\"> creencias y formas de actuar que comparten los integrantes de una empresa\u201d. Resumen, \u00bfno es as\u00ed?<\/span><\/p>\n<p><span style=\"font-weight: 400;\">El punto de partida para definir y desarrollar la cultura organizacional de su empresa es identificar c\u00f3mo se refleja en la pr\u00e1ctica cada uno de los pilares de la gesti\u00f3n de personas explicados anteriormente. Esto a menudo se manifiesta en <strong>los criterios utilizados al asignar recursos, dividir tareas, delegar, confiar, controlar y comunicar<\/strong><\/span><\/p>\n<p><span style=\"font-weight: 400;\">Es fundamental promover la identificaci\u00f3n de los empleados con la cultura organizacional mediante nuestras <\/span><a href=\"https:\/\/factorial.es\/blog\/politicas-empresa\/\"><span style=\"font-weight: 400;\">pol\u00edticas de empresa.<\/span><\/a><span style=\"font-weight: 400;\"> Asegurar la autonom\u00eda para la toma de decisiones o al menos para proponer ideas son tambi\u00e9n formas de fomentar el compromiso de los empleados o <\/span><a href=\"https:\/\/factorial.es\/blog\/employee-engagement\/\"><span style=\"font-weight: 400;\">employee engagement.<\/span><\/a><\/p>\n<h3><b>9) Invierte en an\u00e1lisis de datos<\/b><\/h3>\n<p><span style=\"font-weight: 400;\">HR Analytics es un m\u00e9todo de gesti\u00f3n de personas basado en la recopilaci\u00f3n, organizaci\u00f3n y procesamiento de datos sobre el capital humano de una empresa. Este \u00aban\u00e1lisis de personas\u00bb hace que RR.HH. sea m\u00e1s estrat\u00e9gico.\u00a0<\/span><\/p>\n<p><span style=\"font-weight: 400;\">Adem\u00e1s, tiene el potencial de optimizar los procesos internos de una organizaci\u00f3n. Tambi\u00e9n le permite identificar <\/span><a href=\"https:\/\/factorial.es\/blog\/tendencias-recursos-humanos\/\"><span style=\"font-weight: 400;\">tendencias <\/span><\/a><span style=\"font-weight: 400;\">y \/ o puntos calientes que est\u00e1n impactando su negocio.<\/span><\/p>\n<p><span style=\"font-weight: 400;\">Las empresas utilizan este an\u00e1lisis para mejorar continuamente <\/span><b>sus indicadores de rendimiento y obtener mejores resultados de sus iniciativas de gesti\u00f3n de recursos humanos.<\/b><\/p>\n<h3><b>10) Conf\u00eda en la tecnolog\u00eda para la gesti\u00f3n de personas<\/b><\/h3>\n<p><span style=\"font-weight: 400;\">Adem\u00e1s del an\u00e1lisis de datos, las soluciones tecnol\u00f3gicas sirven para implementar la automatizaci\u00f3n de diferentes procesos de recursos humanos.<\/span><\/p>\n<p><span style=\"font-weight: 400;\">Las actividades burocr\u00e1ticas, como admisiones, gesti\u00f3n de horarios y turnos, control de asistencia, env\u00edo de n\u00f3minas, entre otras, se pueden realizar y automatizar procesos y crear <\/span><span style=\"font-weight: 400;\">flujos de trabajo<\/span><span style=\"font-weight: 400;\"> mediante software online.\u00a0<\/span><\/p>\n<p><span style=\"font-weight: 400;\">De esta forma, la empresa reduce el tiempo dedicado a tareas administrativas. Como resultado, los profesionales de RR.HH. tienen m\u00e1s tiempo para planificar y ejecutar tareas estrat\u00e9gicas. <\/span><b>Tambi\u00e9n garantiza la seguridad de la informaci\u00f3n y evita errores humanos como olvidos o errores tipogr\u00e1ficos.<\/b><\/p>\n<p><span style=\"font-weight: 400;\">Algunas de las posibilidades de un software de RR.HH. como el de Factorial son:<\/span><\/p>\n<ul>\n<li style=\"font-weight: 400;\" aria-level=\"1\"><span style=\"font-weight: 400;\">Gestionar vacaciones, ausencias y bajas por enfermedad para todos los empleados.<\/span><\/li>\n<li style=\"font-weight: 400;\" aria-level=\"1\"><span style=\"font-weight: 400;\">Ver un calendario con informaci\u00f3n de cada equipo<\/span><\/li>\n<li style=\"font-weight: 400;\" aria-level=\"1\"><span style=\"font-weight: 400;\">Organizar formaci\u00f3n online y presencial<\/span><\/li>\n<li style=\"font-weight: 400;\" aria-level=\"1\"><span style=\"font-weight: 400;\">Realizar y monitorear revisiones de desempe\u00f1o<\/span><\/li>\n<li style=\"font-weight: 400;\" aria-level=\"1\"><span style=\"font-weight: 400;\">Env\u00ede y firme documentos en l\u00ednea.<\/span><\/li>\n<li style=\"font-weight: 400;\" aria-level=\"1\"><span style=\"font-weight: 400;\">Realizar procesos de reclutamiento y selecci\u00f3n en la propia plataforma<\/span><\/li>\n<li style=\"font-weight: 400;\" aria-level=\"1\"><span style=\"font-weight: 400;\">Integre nuevos empleados desde la incorporaci\u00f3n en l\u00ednea<\/span><\/li>\n<\/ul>\n<p>La gesti\u00f3n de las personas en las compa\u00f1\u00edas es un concepto fundamental que retoma la idea clave de al centralidad humana dentro de las organizaciones. Siendo los trabajadores el principal capital competitivo para el \u00e9xito de cualquier negocio, saber administrar este aspecto se vuelve vital para garantizar la continuidad, \u00e9xito y crecimiento de nuestra empresa.<\/p>\n","protected":false},"excerpt":{"rendered":"<p>El capital humano es el mayor activo de una empresa. Y saber c\u00f3mo cultivarlo mientras se cumplen los objetivos de crecimiento y expansi\u00f3n de una organizaci\u00f3n es uno de los mayores desaf\u00edos en la gesti\u00f3n de personas en la actualidad.<\/p>\n","protected":false},"author":114,"featured_media":51564,"comment_status":"open","ping_status":"closed","sticky":false,"template":"","format":"standard","meta":{"_acf_changed":false,"footnotes":""},"categories":[2],"tags":[],"class_list":["post-51557","post","type-post","status-publish","format-standard","has-post-thumbnail","hentry","category-talent-management-es"],"acf":{"topics":"talent"},"yoast_head":"<!-- This site is optimized with the Yoast SEO Premium plugin v21.5 (Yoast SEO v21.9.1) - https:\/\/yoast.com\/wordpress\/plugins\/seo\/ -->\n<title>10 Pr\u00e1cticas orientadas a la gesti\u00f3n de RRHH \ud83e\udde9<\/title>\n<meta name=\"description\" content=\"Descubre pr\u00e1cticas clave de gesti\u00f3n de RRHH que alinean personas, procesos y objetivos estrat\u00e9gicos de la empresa.\" \/>\n<meta name=\"robots\" content=\"index, follow, max-snippet:-1, max-image-preview:large, max-video-preview:-1\" \/>\n<link rel=\"canonical\" href=\"https:\/\/factorial.es\/blog\/gestion-de-personas-10-practicas-rrhh\/\" \/>\n<meta property=\"og:locale\" content=\"es_ES\" \/>\n<meta property=\"og:type\" content=\"article\" \/>\n<meta property=\"og:title\" content=\"Gesti\u00f3n de personas en empresas: 10 pr\u00e1cticas de RR.HH.\" \/>\n<meta property=\"og:description\" content=\"Descubre pr\u00e1cticas clave de gesti\u00f3n de RRHH que alinean personas, procesos y objetivos estrat\u00e9gicos de la empresa.\" \/>\n<meta property=\"og:url\" content=\"https:\/\/factorial.es\/blog\/gestion-de-personas-10-practicas-rrhh\/\" \/>\n<meta property=\"og:site_name\" content=\"Factorial\" \/>\n<meta property=\"article:publisher\" content=\"https:\/\/www.facebook.com\/people\/Factorial\/100064908455810\/\" \/>\n<meta property=\"article:published_time\" content=\"2021-07-02T14:23:39+00:00\" \/>\n<meta property=\"article:modified_time\" content=\"2026-02-04T01:36:27+00:00\" \/>\n<meta property=\"og:image\" content=\"https:\/\/factorial.es\/wp-content\/uploads\/2021\/07\/02160548\/gestion-de-personas-min.jpg\" \/>\n\t<meta property=\"og:image:width\" content=\"830\" \/>\n\t<meta property=\"og:image:height\" content=\"440\" \/>\n\t<meta property=\"og:image:type\" content=\"image\/jpeg\" \/>\n<meta name=\"author\" content=\"Greta Gamarra\" \/>\n<meta name=\"twitter:card\" content=\"summary_large_image\" \/>\n<meta name=\"twitter:creator\" content=\"@factorialapp\" \/>\n<meta name=\"twitter:site\" content=\"@factorialapp\" \/>\n<meta name=\"twitter:label1\" content=\"Written by\" \/>\n\t<meta name=\"twitter:data1\" content=\"Greta Gamarra\" \/>\n\t<meta name=\"twitter:label2\" content=\"Est. reading time\" \/>\n\t<meta name=\"twitter:data2\" content=\"12 minutes\" \/>\n<script type=\"application\/ld+json\" class=\"yoast-schema-graph\">{\"@context\":\"https:\/\/schema.org\",\"@graph\":[{\"@type\":\"Article\",\"@id\":\"https:\/\/factorial.es\/blog\/gestion-de-personas-10-practicas-rrhh\/#article\",\"isPartOf\":{\"@id\":\"https:\/\/factorial.es\/blog\/gestion-de-personas-10-practicas-rrhh\/\"},\"author\":{\"name\":\"Greta Gamarra\",\"@id\":\"https:\/\/factorial.es\/blog\/#\/schema\/person\/2fc107364522534277ab611302aafb39\"},\"headline\":\"Gesti\u00f3n de personas en empresas: 10 pr\u00e1cticas de RR.HH.\",\"datePublished\":\"2021-07-02T14:23:39+00:00\",\"dateModified\":\"2026-02-04T01:36:27+00:00\",\"mainEntityOfPage\":{\"@id\":\"https:\/\/factorial.es\/blog\/gestion-de-personas-10-practicas-rrhh\/\"},\"wordCount\":2730,\"commentCount\":0,\"publisher\":{\"@id\":\"https:\/\/factorial.es\/blog\/#organization\"},\"articleSection\":[\"Talent Management\"],\"inLanguage\":\"es\",\"potentialAction\":[{\"@type\":\"CommentAction\",\"name\":\"Comment\",\"target\":[\"https:\/\/factorial.es\/blog\/gestion-de-personas-10-practicas-rrhh\/#respond\"]}]},{\"@type\":\"WebPage\",\"@id\":\"https:\/\/factorial.es\/blog\/gestion-de-personas-10-practicas-rrhh\/\",\"url\":\"https:\/\/factorial.es\/blog\/gestion-de-personas-10-practicas-rrhh\/\",\"name\":\"10 Pr\u00e1cticas orientadas a la gesti\u00f3n de RRHH \ud83e\udde9\",\"isPartOf\":{\"@id\":\"https:\/\/factorial.es\/blog\/#website\"},\"datePublished\":\"2021-07-02T14:23:39+00:00\",\"dateModified\":\"2026-02-04T01:36:27+00:00\",\"description\":\"Descubre pr\u00e1cticas clave de gesti\u00f3n de RRHH que alinean personas, procesos y objetivos estrat\u00e9gicos de la empresa.\",\"inLanguage\":\"es\",\"potentialAction\":[{\"@type\":\"ReadAction\",\"target\":[\"https:\/\/factorial.es\/blog\/gestion-de-personas-10-practicas-rrhh\/\"]}]},{\"@type\":\"WebSite\",\"@id\":\"https:\/\/factorial.es\/blog\/#website\",\"url\":\"https:\/\/factorial.es\/blog\/\",\"name\":\"Factorial\",\"description\":\"\",\"publisher\":{\"@id\":\"https:\/\/factorial.es\/blog\/#organization\"},\"potentialAction\":[{\"@type\":\"SearchAction\",\"target\":{\"@type\":\"EntryPoint\",\"urlTemplate\":\"https:\/\/factorial.es\/blog\/?s={search_term_string}\"},\"query-input\":\"required name=search_term_string\"}],\"inLanguage\":\"es\"},{\"@type\":\"Organization\",\"@id\":\"https:\/\/factorial.es\/blog\/#organization\",\"name\":\"All-in-one business management software - Factorial\",\"url\":\"https:\/\/factorial.es\/blog\/\",\"logo\":{\"@type\":\"ImageObject\",\"inLanguage\":\"es\",\"@id\":\"https:\/\/factorial.es\/blog\/#\/schema\/logo\/image\/\",\"url\":\"https:\/\/factorial.es\/wp-content\/uploads\/2023\/07\/18155144\/factorial-logo.png\",\"contentUrl\":\"https:\/\/factorial.es\/wp-content\/uploads\/2023\/07\/18155144\/factorial-logo.png\",\"width\":946,\"height\":880,\"caption\":\"All-in-one business management software - Factorial\"},\"image\":{\"@id\":\"https:\/\/factorial.es\/blog\/#\/schema\/logo\/image\/\"},\"sameAs\":[\"https:\/\/www.facebook.com\/people\/Factorial\/100064908455810\/\",\"https:\/\/twitter.com\/factorialapp\",\"https:\/\/www.linkedin.com\/company\/factorialhr\",\"https:\/\/www.youtube.com\/@factorialmedia\",\"https:\/\/www.instagram.com\/factorial\/#\"]},{\"@type\":\"Person\",\"@id\":\"https:\/\/factorial.es\/blog\/#\/schema\/person\/2fc107364522534277ab611302aafb39\",\"name\":\"Greta Gamarra\",\"image\":{\"@type\":\"ImageObject\",\"inLanguage\":\"es\",\"@id\":\"https:\/\/factorial.es\/blog\/#\/schema\/person\/image\/\",\"url\":\"https:\/\/secure.gravatar.com\/avatar\/cf1013a8e96575f9c1576e3b9193c0a7?s=96&d=identicon&r=g\",\"contentUrl\":\"https:\/\/secure.gravatar.com\/avatar\/cf1013a8e96575f9c1576e3b9193c0a7?s=96&d=identicon&r=g\",\"caption\":\"Greta Gamarra\"},\"description\":\"\u00a1Hola! Soy Greta Gamarra y trabajo como Content Marketing para el mercado espa\u00f1ol en Factorial. Vine a Barcelona a estudiar un M\u00e1ster en Marketing Digital el cual me permiti\u00f3 ampliar m\u00e1s mis conocimientos dentro de este entorno. Desde el 2019 empec\u00e9 a crear contenido y campa\u00f1as para diferentes plataformas.\",\"sameAs\":[\"https:\/\/www.linkedin.com\/in\/greta-gamarra-guerrero\/\"],\"url\":\"https:\/\/factorial.es\/blog\/author\/greta\/\"}]}<\/script>\n<!-- \/ Yoast SEO Premium plugin. -->","yoast_head_json":{"title":"10 Pr\u00e1cticas orientadas a la gesti\u00f3n de RRHH \ud83e\udde9","description":"Descubre pr\u00e1cticas clave de gesti\u00f3n de RRHH que alinean personas, procesos y objetivos estrat\u00e9gicos de la empresa.","robots":{"index":"index","follow":"follow","max-snippet":"max-snippet:-1","max-image-preview":"max-image-preview:large","max-video-preview":"max-video-preview:-1"},"canonical":"https:\/\/factorial.es\/blog\/gestion-de-personas-10-practicas-rrhh\/","og_locale":"es_ES","og_type":"article","og_title":"Gesti\u00f3n de personas en empresas: 10 pr\u00e1cticas de RR.HH.","og_description":"Descubre pr\u00e1cticas clave de gesti\u00f3n de RRHH que alinean personas, procesos y objetivos estrat\u00e9gicos de la empresa.","og_url":"https:\/\/factorial.es\/blog\/gestion-de-personas-10-practicas-rrhh\/","og_site_name":"Factorial","article_publisher":"https:\/\/www.facebook.com\/people\/Factorial\/100064908455810\/","article_published_time":"2021-07-02T14:23:39+00:00","article_modified_time":"2026-02-04T01:36:27+00:00","og_image":[{"width":830,"height":440,"url":"https:\/\/factorial.es\/wp-content\/uploads\/2021\/07\/02160548\/gestion-de-personas-min.jpg","type":"image\/jpeg"}],"author":"Greta Gamarra","twitter_card":"summary_large_image","twitter_creator":"@factorialapp","twitter_site":"@factorialapp","twitter_misc":{"Written by":"Greta Gamarra","Est. reading time":"12 minutes"},"schema":{"@context":"https:\/\/schema.org","@graph":[{"@type":"Article","@id":"https:\/\/factorial.es\/blog\/gestion-de-personas-10-practicas-rrhh\/#article","isPartOf":{"@id":"https:\/\/factorial.es\/blog\/gestion-de-personas-10-practicas-rrhh\/"},"author":{"name":"Greta Gamarra","@id":"https:\/\/factorial.es\/blog\/#\/schema\/person\/2fc107364522534277ab611302aafb39"},"headline":"Gesti\u00f3n de personas en empresas: 10 pr\u00e1cticas de RR.HH.","datePublished":"2021-07-02T14:23:39+00:00","dateModified":"2026-02-04T01:36:27+00:00","mainEntityOfPage":{"@id":"https:\/\/factorial.es\/blog\/gestion-de-personas-10-practicas-rrhh\/"},"wordCount":2730,"commentCount":0,"publisher":{"@id":"https:\/\/factorial.es\/blog\/#organization"},"articleSection":["Talent Management"],"inLanguage":"es","potentialAction":[{"@type":"CommentAction","name":"Comment","target":["https:\/\/factorial.es\/blog\/gestion-de-personas-10-practicas-rrhh\/#respond"]}]},{"@type":"WebPage","@id":"https:\/\/factorial.es\/blog\/gestion-de-personas-10-practicas-rrhh\/","url":"https:\/\/factorial.es\/blog\/gestion-de-personas-10-practicas-rrhh\/","name":"10 Pr\u00e1cticas orientadas a la gesti\u00f3n de RRHH \ud83e\udde9","isPartOf":{"@id":"https:\/\/factorial.es\/blog\/#website"},"datePublished":"2021-07-02T14:23:39+00:00","dateModified":"2026-02-04T01:36:27+00:00","description":"Descubre pr\u00e1cticas clave de gesti\u00f3n de RRHH que alinean personas, procesos y objetivos estrat\u00e9gicos de la empresa.","inLanguage":"es","potentialAction":[{"@type":"ReadAction","target":["https:\/\/factorial.es\/blog\/gestion-de-personas-10-practicas-rrhh\/"]}]},{"@type":"WebSite","@id":"https:\/\/factorial.es\/blog\/#website","url":"https:\/\/factorial.es\/blog\/","name":"Factorial","description":"","publisher":{"@id":"https:\/\/factorial.es\/blog\/#organization"},"potentialAction":[{"@type":"SearchAction","target":{"@type":"EntryPoint","urlTemplate":"https:\/\/factorial.es\/blog\/?s={search_term_string}"},"query-input":"required name=search_term_string"}],"inLanguage":"es"},{"@type":"Organization","@id":"https:\/\/factorial.es\/blog\/#organization","name":"All-in-one business management software - Factorial","url":"https:\/\/factorial.es\/blog\/","logo":{"@type":"ImageObject","inLanguage":"es","@id":"https:\/\/factorial.es\/blog\/#\/schema\/logo\/image\/","url":"https:\/\/factorial.es\/wp-content\/uploads\/2023\/07\/18155144\/factorial-logo.png","contentUrl":"https:\/\/factorial.es\/wp-content\/uploads\/2023\/07\/18155144\/factorial-logo.png","width":946,"height":880,"caption":"All-in-one business management software - Factorial"},"image":{"@id":"https:\/\/factorial.es\/blog\/#\/schema\/logo\/image\/"},"sameAs":["https:\/\/www.facebook.com\/people\/Factorial\/100064908455810\/","https:\/\/twitter.com\/factorialapp","https:\/\/www.linkedin.com\/company\/factorialhr","https:\/\/www.youtube.com\/@factorialmedia","https:\/\/www.instagram.com\/factorial\/#"]},{"@type":"Person","@id":"https:\/\/factorial.es\/blog\/#\/schema\/person\/2fc107364522534277ab611302aafb39","name":"Greta Gamarra","image":{"@type":"ImageObject","inLanguage":"es","@id":"https:\/\/factorial.es\/blog\/#\/schema\/person\/image\/","url":"https:\/\/secure.gravatar.com\/avatar\/cf1013a8e96575f9c1576e3b9193c0a7?s=96&d=identicon&r=g","contentUrl":"https:\/\/secure.gravatar.com\/avatar\/cf1013a8e96575f9c1576e3b9193c0a7?s=96&d=identicon&r=g","caption":"Greta Gamarra"},"description":"\u00a1Hola! Soy Greta Gamarra y trabajo como Content Marketing para el mercado espa\u00f1ol en Factorial. Vine a Barcelona a estudiar un M\u00e1ster en Marketing Digital el cual me permiti\u00f3 ampliar m\u00e1s mis conocimientos dentro de este entorno. Desde el 2019 empec\u00e9 a crear contenido y campa\u00f1as para diferentes plataformas.","sameAs":["https:\/\/www.linkedin.com\/in\/greta-gamarra-guerrero\/"],"url":"https:\/\/factorial.es\/blog\/author\/greta\/"}]}},"_links":{"self":[{"href":"https:\/\/factorial.es\/blog\/wp-json\/wp\/v2\/posts\/51557"}],"collection":[{"href":"https:\/\/factorial.es\/blog\/wp-json\/wp\/v2\/posts"}],"about":[{"href":"https:\/\/factorial.es\/blog\/wp-json\/wp\/v2\/types\/post"}],"author":[{"embeddable":true,"href":"https:\/\/factorial.es\/blog\/wp-json\/wp\/v2\/users\/114"}],"replies":[{"embeddable":true,"href":"https:\/\/factorial.es\/blog\/wp-json\/wp\/v2\/comments?post=51557"}],"version-history":[{"count":20,"href":"https:\/\/factorial.es\/blog\/wp-json\/wp\/v2\/posts\/51557\/revisions"}],"predecessor-version":[{"id":148993,"href":"https:\/\/factorial.es\/blog\/wp-json\/wp\/v2\/posts\/51557\/revisions\/148993"}],"wp:featuredmedia":[{"embeddable":true,"href":"https:\/\/factorial.es\/blog\/wp-json\/wp\/v2\/media\/51564"}],"wp:attachment":[{"href":"https:\/\/factorial.es\/blog\/wp-json\/wp\/v2\/media?parent=51557"}],"wp:term":[{"taxonomy":"category","embeddable":true,"href":"https:\/\/factorial.es\/blog\/wp-json\/wp\/v2\/categories?post=51557"},{"taxonomy":"post_tag","embeddable":true,"href":"https:\/\/factorial.es\/blog\/wp-json\/wp\/v2\/tags?post=51557"}],"curies":[{"name":"wp","href":"https:\/\/api.w.org\/{rel}","templated":true}]}}