{"id":61500,"date":"2021-11-29T18:39:38","date_gmt":"2021-11-29T16:39:38","guid":{"rendered":"https:\/\/factorialhr.com\/blog\/?p=61500"},"modified":"2026-02-05T21:21:07","modified_gmt":"2026-02-05T19:21:07","slug":"ambiente-laboral","status":"publish","type":"post","link":"https:\/\/factorial.es\/blog\/ambiente-laboral\/","title":{"rendered":"Tipos de ambiente laboral y c\u00f3mo gestionarlos"},"content":{"rendered":"<p>El rendimiento de un equipo no se potencia cumpliendo solo con los m\u00ednimos de calidad. Tanto la productividad y la tasa de rotaci\u00f3n de un proyecto depender\u00e1n de la relaci\u00f3n entre compa\u00f1eros, del modelo organizativo de la empresa y de si a sus trabajadores se les permite ser participativos o no.<\/p>\n<p><!--more--><\/p>\n<p>El <strong>ambiente laboral de una empresa<\/strong> es un concepto complicado de controlar. Por una parte es un aspecto al que se le suele restar importancia, ya que para algunas organizaciones no es un factor primordial. Sin embargo su impacto en el rendimiento y en la obtenci\u00f3n de beneficios es decisivo.<\/p>\n<p>Por otra parte, la complejidad del <a href=\"https:\/\/factorial.es\/blog\/clima-laboral\/\">clima laboral<\/a> tambi\u00e9n recae en <strong>la cantidad de valores internos y externos que lo condicionan.<\/strong> Para que un ambiente laboral sea t\u00f3xico o no se deber\u00e1 valorar una serie de elementos que pueden variar notablemente.<\/p>\n<p><span style=\"font-size: 14pt;\"><strong>Tabla de contenidos:\u00a0<\/strong><\/span><\/p>\n<ul>\n<li><a href=\"#Queeselambientelaboral\">\u00bfQu\u00e9 es el ambiente laboral?<\/a><\/li>\n<li><a href=\"#Tiposdeambienteeneltrabajo\">Tipos de ambiente en el trabajo<\/a>\n<ul>\n<li><a href=\"#Ambientelaboralpositivo\">Ambiente laboral positivo<\/a><\/li>\n<li><a href=\"#Importanciadesentirseacompanado\">La importancia de sentirse acompa\u00f1ado<\/a><\/li>\n<li><a href=\"#Capitalhumanoempresa\">Capital humano y empresa<\/a><\/li>\n<li><a href=\"#Ambientelaboralnegativo\">Ambiente laboral negativo<\/a><\/li>\n<\/ul>\n<\/li>\n<li><a href=\"#Factoresqueafectanambientelaboral\">\u00bfQu\u00e9 factores afectan al ambiente laboral?<\/a><\/li>\n<li><a href=\"#Comocuidarelclimadeltrabajo\">C\u00f3mo cuidar el clima del trabajo<\/a>\n<ul>\n<li><a href=\"#Culturaorganizativa\">Cultura organizativa<\/a><\/li>\n<li><a href=\"#Malacomunicacion\">Mala comunicaci\u00f3n<\/a><\/li>\n<li><a href=\"#Sentimientodeequipo\">Sentimiento de equipo<\/a><\/li>\n<\/ul>\n<\/li>\n<li><a href=\"#Elambientelaboralyelteletrabajo\">El ambiente laboral y el teletrabajo<\/a><\/li>\n<\/ul>\n<p><a href=\"https:\/\/factorial.es\/sneak-peek\/reporte-liderazgo-futuro\"><img decoding=\"async\" class=\"alignnone wp-image-146431 size-full\" src=\"https:\/\/factorial.es\/wp-content\/uploads\/2017\/05\/04144510\/Liderazgo-del-futuro-report.png\" alt=\"Liderazgo del futuro report\" width=\"2232\" height=\"652\" srcset=\"https:\/\/factorial.es\/wp-content\/uploads\/2017\/05\/04144510\/Liderazgo-del-futuro-report.png 2232w, https:\/\/factorial.es\/wp-content\/uploads\/2017\/05\/04144510\/Liderazgo-del-futuro-report-300x88.png 300w, https:\/\/factorial.es\/wp-content\/uploads\/2017\/05\/04144510\/Liderazgo-del-futuro-report-1024x299.png 1024w, https:\/\/factorial.es\/wp-content\/uploads\/2017\/05\/04144510\/Liderazgo-del-futuro-report-768x224.png 768w, https:\/\/factorial.es\/wp-content\/uploads\/2017\/05\/04144510\/Liderazgo-del-futuro-report-1536x449.png 1536w, https:\/\/factorial.es\/wp-content\/uploads\/2017\/05\/04144510\/Liderazgo-del-futuro-report-2048x598.png 2048w\" sizes=\"(max-width: 2232px) 100vw, 2232px\" \/><\/a><\/p>\n<h2 id=\"Queeselambientelaboral\">\u00bfQu\u00e9 es el ambiente laboral?<\/h2>\n<p>El ambiente laboral es una extensi\u00f3n directa del bienestar de los empleados. Su calidad <strong>condicionar\u00e1 los sentimientos de pertenencia y responsabilidad<\/strong> de cada uno de los trabajadores de un proyecto.<\/p>\n<p>Si bien puede hacer alusi\u00f3n al espacio f\u00edsico y sus condiciones de calidad y comodidad, tambi\u00e9n se refiere al aire que respiran los propios empleados, es decir, <strong>a la atm\u00f3sfera del espacio de trabajo.<\/strong><\/p>\n<p>Este concepto es primordial a la hora de definir c\u00f3mo se encuentran los trabajadores con sus compa\u00f1eros y superiores, as\u00ed como con la empresa. Es uno de los indispensables a cuidar cuando se habla de <a href=\"https:\/\/factorial.es\/blog\/mejorar-employee-experience\/\">employee experience<\/a>, y su estado se puede mejorar con diferentes din\u00e1micas de recursos humanos.<\/p>\n<p><a href=\"https:\/\/factorial.es\/plantillas\/test-motivacion-laboral\"><img decoding=\"async\" class=\"aligncenter wp-image-136814 size-large\" src=\"https:\/\/factorial.es\/wp-content\/uploads\/2020\/12\/02131209\/Factorial-Blog_banner_motivacion-laboral-1024x422.png\" alt=\"Factorial Blog_banner_motivacion-laboral\" width=\"1024\" height=\"422\" srcset=\"https:\/\/factorial.es\/wp-content\/uploads\/2020\/12\/02131209\/Factorial-Blog_banner_motivacion-laboral-1024x422.png 1024w, https:\/\/factorial.es\/wp-content\/uploads\/2020\/12\/02131209\/Factorial-Blog_banner_motivacion-laboral-300x124.png 300w, https:\/\/factorial.es\/wp-content\/uploads\/2020\/12\/02131209\/Factorial-Blog_banner_motivacion-laboral-768x317.png 768w, https:\/\/factorial.es\/wp-content\/uploads\/2020\/12\/02131209\/Factorial-Blog_banner_motivacion-laboral.png 1212w\" sizes=\"(max-width: 1024px) 100vw, 1024px\" \/><\/a><\/p>\n<h2 id=\"Tiposdeambienteeneltrabajo\">Tipos de ambiente en el trabajo<\/h2>\n<p>La calidad del ambiente laboral se ver\u00e1 reflejada en los resultados de la empresa. De este modo, una atm\u00f3sfera positiva contar\u00e1 <strong>con un rendimiento alto, una baja <a href=\"https:\/\/factorial.es\/blog\/disminuir-tasa-rotacion\/\">tasa de rotaci\u00f3n<\/a> y mayor <a href=\"https:\/\/factorial.es\/blog\/productividad-laboral-tecnicas\/\">productividad,<\/a><\/strong> entre otros.<\/p>\n<p>Por otra parte, un ambiente negativo vendr\u00e1 acompa\u00f1ado de un<strong> malestar colectivo que afectar\u00e1 a los trabajadores y a la cadena de trabajo<\/strong> de una organizaci\u00f3n.<\/p>\n<h3 id=\"Ambientelaboralpositivo\">Ambiente laboral positivo<\/h3>\n<p>Este tipo de ambiente se caracteriza por contar con varios aspectos de la empresa ya trabajados y bien definidos. De esta manera destacar\u00e1n factores como la <strong>confianza<\/strong> <strong>y el trabajo<\/strong> <strong>en equipo, por encima de otros.<\/strong><\/p>\n<p>Si bien estos dos conceptos se trasladan a un sinf\u00edn de din\u00e1micas pensadas para conseguir un mejor rendimiento laboral, responden a un escenario donde los trabajadores se sienten <strong>escuchados, respetados y libres<\/strong>. Un ejemplo de ello es la <a href=\"https:\/\/factorial.es\/blog\/flexibilidad-laboral\/\">flexibilidad laboral,<\/a>\u00a0una de las claves en recursos humanos para atraer y mantener el talento.<\/p>\n<h4 id=\"Importanciadesentirseacompanado\">La importancia de sentirse acompa\u00f1ado<\/h4>\n<p>La flexibilidad horaria, que integra la flexibilidad laboral, es una din\u00e1mica que transmite, entre otras cosas, una confianza valiosa entre empleador y empleado. Al otorgarle al trabajador la libertad para que se organice \u00e9l mismo sus tareas, se demuestra confianza y respeto hacia sus conocimientos y experiencia.<\/p>\n<p>La confianza <strong>empodera a nuestros trabajadores<\/strong>, y fomenta la participaci\u00f3n en los procesos de producci\u00f3n. Al sentirse escuchados, apreciar\u00e1n m\u00e1s sus aportaciones, fomentando la calidad del trabajo y las ganas de crecer de manera interna.<\/p>\n<h4 id=\"Capitalhumanoempresa\">Capital humano y empresa<\/h4>\n<p>La integraci\u00f3n del capital humano en la <a href=\"http:\/\/cultura corporativa\">cultura corporativa<\/a> es primordial para conseguir que los trabajadores est\u00e9n dispuestos a esforzarse para conseguir las metas marcadas. El salario no es el \u00fanico tipo de compensaci\u00f3n que buscan los candidatos en la actualidad, ya que tambi\u00e9n necesitan sentirse miembros de una comunidad con <strong>un poder de impacto en su crecimiento y resultados.<\/strong><\/p>\n<h3 id=\"Ambientelaboralnegativo\">Ambiente laboral negativo<\/h3>\n<p>De esta manera, un ambiente laboral negativo se resume en un equipo con falta de comunicaci\u00f3n, desorganizaci\u00f3n y, por consecuente, un bajo rendimiento empresarial. No ser\u00eda extra\u00f1o encontrar tambi\u00e9n episodios de <strong>absentismo o una tasa de rotaci\u00f3n m\u00e1s alta<\/strong> de lo que deber\u00eda.<\/p>\n<p>Existen varias se\u00f1ales que indican si un clima de trabajo es t\u00f3xico:<\/p>\n<ul>\n<li><strong>Mala organizaci\u00f3n<\/strong><\/li>\n<\/ul>\n<p>Un modelo de trabajo basado en la relaci\u00f3n jefe-trabajador u orden-tarea pertenece a una estrategia m\u00e1s autoritaria y paternalista que abierta e inclusiva. De esta manera, los trabajadores no se sentir\u00e1n tan cercanos al proyecto, al no incluirlos dentro de esta toma de decisiones que adem\u00e1s condicionar\u00e1 su voluntad de querer trabajar o no en esa empresa.<\/p>\n<p>Existen casos donde no se valora la implicaci\u00f3n del capital humano en algunos de los procesos decisivos. Al menospreciar la implicaci\u00f3n de los trabajadores, la calidad de los resultados obtenidos les importar\u00e1 cada vez menos. Por lo tanto, <strong>el inter\u00e9s que nuestro equipo tenga en que las cosas salgan bien, depender\u00e1 de nuestro inter\u00e9s en que ellos est\u00e9n c\u00f3modos<\/strong>.<\/p>\n<ul>\n<li><strong>Sobrecarga de tareas<\/strong><\/li>\n<\/ul>\n<p>En caso de que se haga caso omiso de este aspecto de los RR.HH., el paso de un trabajador por nuestra empresa pueda empeorar a trav\u00e9s de la asignaci\u00f3n de tareas. El caso m\u00e1s simple es que una mala comunicaci\u00f3n no permite al trabajador conocer a fondo sus responsabilidades y herramientas.<\/p>\n<p>Esta deficiencia no solo afectar\u00e1 a la realizaci\u00f3n de sus actividades, sino que tambi\u00e9n <strong>le aislar\u00e1 de la cultura corporativa y da\u00f1ar\u00e1 la calidad de su trabajo.<\/strong> La sobrecarga de tareas puede producirse provocar episodios de est\u00e9s y malestar en general, que aparte de un bajo rendimiento, puede acabar en casos de absentismo laboral.<\/p>\n<h2 id=\"Factoresqueafectanambientelaboral\">\u00bfQu\u00e9 factores afectan al ambiente laboral?<\/h2>\n<p>Los diferentes factores que condicionan el ambiente laboral de una empresa var\u00edan seg\u00fan su origen. De esta manera, pueden ser internos o externos y, por lo tanto, podemos ser estructurales, sociales, personales y organizativos.<\/p>\n<ul>\n<li>Los <strong>factores estructurales<\/strong> dependen directamente del tama\u00f1o de la organizaci\u00f3n y de su estructura oficial. Por lo tanto, cambiar\u00e1 seg\u00fan el n\u00famero de departamentos y de la organizaci\u00f3n jer\u00e1rquica de la empresa.<\/li>\n<li>Los <strong>factores sociales<\/strong> depender\u00e1n de las relaciones entre compa\u00f1eros. Por lo tanto, se ven condicionados por los posibles conflictos que aparezcan y el nivel de comunicaci\u00f3n en general.<\/li>\n<li>Los <strong>factores personales<\/strong> van condicionados por el comportamiento del trabajador. Este variar\u00e1 seg\u00fan su motivaci\u00f3n y situaci\u00f3n personal (experiencia, ambici\u00f3n, vida privada, entre otros).<\/li>\n<li>Los <strong>factores organizativos<\/strong> depender\u00e1n de las caracter\u00edsticas de la empresa. As\u00ed, variar\u00e1n seg\u00fan el nivel de productividad y los antecedentes que tenga en absentismo y rotaci\u00f3n, y en su manera de producir.<\/li>\n<\/ul>\n<p><a href=\"https:\/\/factorial.es\/evaluacion-desempeno\"><img decoding=\"async\" class=\"alignnone size-large wp-image-141584\" src=\"https:\/\/factorial.es\/wp-content\/uploads\/2021\/05\/07163642\/Factorial-Blog_desempeno_Product_software-1-1024x416.jpg\" alt=\"Blog_desempeno_Product_software\" width=\"1024\" height=\"416\" srcset=\"https:\/\/factorial.es\/wp-content\/uploads\/2021\/05\/07163642\/Factorial-Blog_desempeno_Product_software-1-1024x416.jpg 1024w, https:\/\/factorial.es\/wp-content\/uploads\/2021\/05\/07163642\/Factorial-Blog_desempeno_Product_software-1-300x122.jpg 300w, https:\/\/factorial.es\/wp-content\/uploads\/2021\/05\/07163642\/Factorial-Blog_desempeno_Product_software-1-768x312.jpg 768w, https:\/\/factorial.es\/wp-content\/uploads\/2021\/05\/07163642\/Factorial-Blog_desempeno_Product_software-1.jpg 1200w\" sizes=\"(max-width: 1024px) 100vw, 1024px\" \/><\/a><\/p>\n<h2 id=\"Comocuidarelclimadeltrabajo\">C\u00f3mo cuidar el clima del trabajo<\/h2>\n<p>Cuidar el bienestar de los empleados no significa \u00fanicamente evitar accidentes, tambi\u00e9n implica prevenir malestares por sobrecarga de trabajo o mala organizaci\u00f3n. A trav\u00e9s del ambiente laboral, <strong>los trabajadores tendr\u00e1n una concepci\u00f3n de la empresa u otra<\/strong>, por lo que se convierte en el elemento que maneja de manera directa la impresi\u00f3n que los empleados tienen en relaci\u00f3n a un proyecto o equipo.<\/p>\n<p>Si bien casi todas los elementos que condicionan un trabajo se pueden percibir a trav\u00e9s del ambiente laboral, para evitar que este se convierta en un ambiente t\u00f3xico hay algunos que son de especial importancia:<\/p>\n<h3 id=\"Culturaorganizativa\">Cultura organizativa<\/h3>\n<p>La sobrecarga de trabajo puede provocarse por una mala organizaci\u00f3n de las tareas. Las habilidades o conocimientos de algunos trabajadores <strong>se pueden desperdiciar al enfocarlos en tareas con valores poco exigentes<\/strong>, motivadores, o que se pod\u00edan haber evitado con un poco de previsi\u00f3n.<\/p>\n<p>Una falta de organizaci\u00f3n clara provocar\u00e1 estr\u00e9s, el cual generar\u00e1 ansiedad que se traducir\u00e1 en un rendimiento deficiente. Por otra parte, una acumulaci\u00f3n de tareas por falta de previsi\u00f3n empeorar\u00e1 la percepci\u00f3n que el trabajador tiene sobre sus superiores y equipo.<\/p>\n<h3 id=\"Malacomunicacion\">Mala comunicaci\u00f3n<\/h3>\n<p>De la misma manera que un trabajador puede encontrar problemas en la cadena de trabajo o con compa\u00f1eros, debe saber que puede comunicarlo e incluso cambiarlo. Hacer sentir a los miembros de nuestro equipo que su esfuerzo no se traduce solo en dinero, sino que <strong>tienen poder de impacto dentro de la empresa <\/strong>y\u00a0mejorar\u00e1 su sentimiento de responsabilidad.<\/p>\n<p>Que todos los esfuerzos de un equipo est\u00e9n alineados solo depender\u00e1 de la <a href=\"https:\/\/factorial.es\/blog\/5-pasos-mejorar-comunicacion-interna\/\">comunicaci\u00f3n interna<\/a> de una empresa. Fomentar la participaci\u00f3n y el <em>feedback<\/em> deber\u00eda ser uno de los objetivos primordiales de la gran mayor\u00eda de empresas, ya que un equipo que se conoce, trabaja mejor.<\/p>\n<h3 id=\"Sentimientodeequipo\">Sentimiento de equipo<\/h3>\n<p>Los seres humanos, en cualquier situaci\u00f3n, tendr\u00e1n necesidades sociales. Las ganas de relacionarse, sentirse reconocido o miembro de un equipo condicionaran nuestra situaci\u00f3n en una empresa u otra. Por lo tanto, fomentar una buena relaci\u00f3n entre compa\u00f1eros puede ser decisivo a la hora de cuidar un ambiente laboral. De esta manera, din\u00e1micas de <a href=\"https:\/\/factorial.es\/blog\/gamificacion-empresas\/\">gamificaci\u00f3n <\/a>o de <a href=\"https:\/\/factorial.es\/blog\/team-building-empresa\/\">team building<\/a> pueden ayudar a trabajar este aspecto.<\/p>\n<h2 id=\"Elambientelaboralyelteletrabajo\">El ambiente laboral y el teletrabajo<\/h2>\n<p>Por otra parte, si bien ha crecido una tendencia a cuidar c\u00f3mo la atm\u00f3sfera en la que se mueve nuestro equipo, esto se convierte m\u00e1s dif\u00edcil en la era post COVID. La implantaci\u00f3n del teletrabajo ha marcado distancias entre los directivos de proyectos y los trabajadores. En la \u00e9poca actual, <strong>para los departamentos de recursos humanos es todo un reto cuidar seg\u00fan qu\u00e9 aspectos, sobre todo cuando las relaciones son mayoritariamente digitales.<\/strong><\/p>\n<p>Esto no significa que los recursos anteriores pierdan su valor en el teletrabajo. Existen varias din\u00e1micas de <a href=\"https:\/\/factorial.es\/blog\/team-building-empresa\/\">team building<\/a> pensadas para ser trabajadas a distancia. Aunque nunca viene de m\u00e1s contar con una <a href=\"https:\/\/factorial.es\/blog\/guia-teletrabajo\/\">gu\u00eda de implantaci\u00f3n del teletrabajo<\/a>.<\/p>\n<p>Sin duda, el ambiente laboral es un factor a cuidar en la gesti\u00f3n del talento. Hoy en d\u00eda, la complejidad de los recursos humanos permite conocer al detalle los aspectos del d\u00eda a d\u00eda que podemos mejorar. De esta manera, centr\u00e1ndonos en el bienestar de las personas <strong>conseguimos redefinir los conceptos de trabajo y jefe,<\/strong> transform\u00e1ndolos y adapt\u00e1ndolos a un escenario donde la importancia del capital humano predomina.<\/p>\n<p>La gesti\u00f3n de los recursos humanos de hoy en d\u00eda pasa por cuidar de nuestros trabajadores, invirtiendo en procesos de integraci\u00f3n y de bienestar para recoger unos resultados incomparables. El futuro del sector est\u00e1 en la implicaci\u00f3n de nuestros trabajadores, y en mejorar su sentido de la integraci\u00f3n y responsabilidad.<\/p>\n","protected":false},"excerpt":{"rendered":"<p>El rendimiento de un equipo no se potencia cumpliendo solo con los m\u00ednimos de calidad. Tanto la productividad y la tasa de rotaci\u00f3n de un proyecto depender\u00e1n de la relaci\u00f3n entre compa\u00f1eros, del modelo organizativo de la empresa y de si a sus trabajadores se les permite ser participativos o no.<\/p>\n","protected":false},"author":114,"featured_media":143091,"comment_status":"open","ping_status":"closed","sticky":false,"template":"","format":"standard","meta":{"_acf_changed":false,"footnotes":""},"categories":[2],"tags":[],"class_list":["post-61500","post","type-post","status-publish","format-standard","has-post-thumbnail","hentry","category-talent-management-es"],"acf":{"topics":"talent"},"yoast_head":"<!-- This site is optimized with the Yoast SEO Premium plugin v21.5 (Yoast SEO v21.9.1) - https:\/\/yoast.com\/wordpress\/plugins\/seo\/ -->\n<title>Tipos de ambiente laboral y su gesti\u00f3n eficaz \ud83e\udd1d<\/title>\n<meta name=\"description\" content=\"Descubre los principales tipos de ambiente laboral y aprende a gestionarlos para mejorar el clima de trabajo y el rendimiento del equipo.\" \/>\n<meta name=\"robots\" content=\"index, follow, max-snippet:-1, max-image-preview:large, max-video-preview:-1\" \/>\n<link rel=\"canonical\" href=\"https:\/\/factorial.es\/blog\/ambiente-laboral\/\" \/>\n<meta property=\"og:locale\" content=\"es_ES\" \/>\n<meta property=\"og:type\" content=\"article\" \/>\n<meta property=\"og:title\" content=\"Tipos de ambiente laboral y c\u00f3mo gestionarlos\" \/>\n<meta property=\"og:description\" content=\"Descubre los principales tipos de ambiente laboral y aprende a gestionarlos para mejorar el clima de trabajo y el rendimiento del equipo.\" \/>\n<meta property=\"og:url\" content=\"https:\/\/factorial.es\/blog\/ambiente-laboral\/\" \/>\n<meta property=\"og:site_name\" content=\"Factorial\" \/>\n<meta property=\"article:publisher\" content=\"https:\/\/www.facebook.com\/people\/Factorial\/100064908455810\/\" \/>\n<meta property=\"article:published_time\" content=\"2021-11-29T16:39:38+00:00\" \/>\n<meta property=\"article:modified_time\" content=\"2026-02-05T19:21:07+00:00\" \/>\n<meta property=\"og:image\" content=\"https:\/\/factorial.es\/wp-content\/uploads\/2021\/11\/24120713\/Blog_Motivacion-laboral-7-1.jpg\" \/>\n\t<meta property=\"og:image:width\" content=\"1800\" \/>\n\t<meta property=\"og:image:height\" content=\"976\" \/>\n\t<meta property=\"og:image:type\" content=\"image\/jpeg\" \/>\n<meta name=\"author\" content=\"Greta Gamarra\" \/>\n<meta name=\"twitter:card\" content=\"summary_large_image\" \/>\n<meta name=\"twitter:creator\" content=\"@factorialapp\" \/>\n<meta name=\"twitter:site\" content=\"@factorialapp\" \/>\n<meta name=\"twitter:label1\" content=\"Written by\" \/>\n\t<meta name=\"twitter:data1\" content=\"Greta Gamarra\" \/>\n\t<meta name=\"twitter:label2\" content=\"Est. reading time\" \/>\n\t<meta name=\"twitter:data2\" content=\"9 minutes\" \/>\n<script type=\"application\/ld+json\" class=\"yoast-schema-graph\">{\"@context\":\"https:\/\/schema.org\",\"@graph\":[{\"@type\":\"Article\",\"@id\":\"https:\/\/factorial.es\/blog\/ambiente-laboral\/#article\",\"isPartOf\":{\"@id\":\"https:\/\/factorial.es\/blog\/ambiente-laboral\/\"},\"author\":{\"name\":\"Greta Gamarra\",\"@id\":\"https:\/\/factorial.es\/blog\/#\/schema\/person\/2fc107364522534277ab611302aafb39\"},\"headline\":\"Tipos de ambiente laboral y c\u00f3mo gestionarlos\",\"datePublished\":\"2021-11-29T16:39:38+00:00\",\"dateModified\":\"2026-02-05T19:21:07+00:00\",\"mainEntityOfPage\":{\"@id\":\"https:\/\/factorial.es\/blog\/ambiente-laboral\/\"},\"wordCount\":1810,\"commentCount\":1,\"publisher\":{\"@id\":\"https:\/\/factorial.es\/blog\/#organization\"},\"articleSection\":[\"Talent Management\"],\"inLanguage\":\"es\",\"potentialAction\":[{\"@type\":\"CommentAction\",\"name\":\"Comment\",\"target\":[\"https:\/\/factorial.es\/blog\/ambiente-laboral\/#respond\"]}]},{\"@type\":\"WebPage\",\"@id\":\"https:\/\/factorial.es\/blog\/ambiente-laboral\/\",\"url\":\"https:\/\/factorial.es\/blog\/ambiente-laboral\/\",\"name\":\"Tipos de ambiente laboral y su gesti\u00f3n eficaz \ud83e\udd1d\",\"isPartOf\":{\"@id\":\"https:\/\/factorial.es\/blog\/#website\"},\"datePublished\":\"2021-11-29T16:39:38+00:00\",\"dateModified\":\"2026-02-05T19:21:07+00:00\",\"description\":\"Descubre los principales tipos de ambiente laboral y aprende a gestionarlos para mejorar el clima de trabajo y el rendimiento del equipo.\",\"inLanguage\":\"es\",\"potentialAction\":[{\"@type\":\"ReadAction\",\"target\":[\"https:\/\/factorial.es\/blog\/ambiente-laboral\/\"]}]},{\"@type\":\"WebSite\",\"@id\":\"https:\/\/factorial.es\/blog\/#website\",\"url\":\"https:\/\/factorial.es\/blog\/\",\"name\":\"Factorial\",\"description\":\"\",\"publisher\":{\"@id\":\"https:\/\/factorial.es\/blog\/#organization\"},\"potentialAction\":[{\"@type\":\"SearchAction\",\"target\":{\"@type\":\"EntryPoint\",\"urlTemplate\":\"https:\/\/factorial.es\/blog\/?s={search_term_string}\"},\"query-input\":\"required name=search_term_string\"}],\"inLanguage\":\"es\"},{\"@type\":\"Organization\",\"@id\":\"https:\/\/factorial.es\/blog\/#organization\",\"name\":\"All-in-one business management software - Factorial\",\"url\":\"https:\/\/factorial.es\/blog\/\",\"logo\":{\"@type\":\"ImageObject\",\"inLanguage\":\"es\",\"@id\":\"https:\/\/factorial.es\/blog\/#\/schema\/logo\/image\/\",\"url\":\"https:\/\/factorial.es\/wp-content\/uploads\/2023\/07\/18155144\/factorial-logo.png\",\"contentUrl\":\"https:\/\/factorial.es\/wp-content\/uploads\/2023\/07\/18155144\/factorial-logo.png\",\"width\":946,\"height\":880,\"caption\":\"All-in-one business management software - Factorial\"},\"image\":{\"@id\":\"https:\/\/factorial.es\/blog\/#\/schema\/logo\/image\/\"},\"sameAs\":[\"https:\/\/www.facebook.com\/people\/Factorial\/100064908455810\/\",\"https:\/\/twitter.com\/factorialapp\",\"https:\/\/www.linkedin.com\/company\/factorialhr\",\"https:\/\/www.youtube.com\/@factorialmedia\",\"https:\/\/www.instagram.com\/factorial\/#\"]},{\"@type\":\"Person\",\"@id\":\"https:\/\/factorial.es\/blog\/#\/schema\/person\/2fc107364522534277ab611302aafb39\",\"name\":\"Greta Gamarra\",\"image\":{\"@type\":\"ImageObject\",\"inLanguage\":\"es\",\"@id\":\"https:\/\/factorial.es\/blog\/#\/schema\/person\/image\/\",\"url\":\"https:\/\/secure.gravatar.com\/avatar\/cf1013a8e96575f9c1576e3b9193c0a7?s=96&d=identicon&r=g\",\"contentUrl\":\"https:\/\/secure.gravatar.com\/avatar\/cf1013a8e96575f9c1576e3b9193c0a7?s=96&d=identicon&r=g\",\"caption\":\"Greta Gamarra\"},\"description\":\"\u00a1Hola! Soy Greta Gamarra y trabajo como Content Marketing para el mercado espa\u00f1ol en Factorial. Vine a Barcelona a estudiar un M\u00e1ster en Marketing Digital el cual me permiti\u00f3 ampliar m\u00e1s mis conocimientos dentro de este entorno. Desde el 2019 empec\u00e9 a crear contenido y campa\u00f1as para diferentes plataformas.\",\"sameAs\":[\"https:\/\/www.linkedin.com\/in\/greta-gamarra-guerrero\/\"],\"url\":\"https:\/\/factorial.es\/blog\/author\/greta\/\"}]}<\/script>\n<!-- \/ Yoast SEO Premium plugin. -->","yoast_head_json":{"title":"Tipos de ambiente laboral y su gesti\u00f3n eficaz \ud83e\udd1d","description":"Descubre los principales tipos de ambiente laboral y aprende a gestionarlos para mejorar el clima de trabajo y el rendimiento del equipo.","robots":{"index":"index","follow":"follow","max-snippet":"max-snippet:-1","max-image-preview":"max-image-preview:large","max-video-preview":"max-video-preview:-1"},"canonical":"https:\/\/factorial.es\/blog\/ambiente-laboral\/","og_locale":"es_ES","og_type":"article","og_title":"Tipos de ambiente laboral y c\u00f3mo gestionarlos","og_description":"Descubre los principales tipos de ambiente laboral y aprende a gestionarlos para mejorar el clima de trabajo y el rendimiento del equipo.","og_url":"https:\/\/factorial.es\/blog\/ambiente-laboral\/","og_site_name":"Factorial","article_publisher":"https:\/\/www.facebook.com\/people\/Factorial\/100064908455810\/","article_published_time":"2021-11-29T16:39:38+00:00","article_modified_time":"2026-02-05T19:21:07+00:00","og_image":[{"width":1800,"height":976,"url":"https:\/\/factorial.es\/wp-content\/uploads\/2021\/11\/24120713\/Blog_Motivacion-laboral-7-1.jpg","type":"image\/jpeg"}],"author":"Greta Gamarra","twitter_card":"summary_large_image","twitter_creator":"@factorialapp","twitter_site":"@factorialapp","twitter_misc":{"Written by":"Greta Gamarra","Est. reading time":"9 minutes"},"schema":{"@context":"https:\/\/schema.org","@graph":[{"@type":"Article","@id":"https:\/\/factorial.es\/blog\/ambiente-laboral\/#article","isPartOf":{"@id":"https:\/\/factorial.es\/blog\/ambiente-laboral\/"},"author":{"name":"Greta Gamarra","@id":"https:\/\/factorial.es\/blog\/#\/schema\/person\/2fc107364522534277ab611302aafb39"},"headline":"Tipos de ambiente laboral y c\u00f3mo gestionarlos","datePublished":"2021-11-29T16:39:38+00:00","dateModified":"2026-02-05T19:21:07+00:00","mainEntityOfPage":{"@id":"https:\/\/factorial.es\/blog\/ambiente-laboral\/"},"wordCount":1810,"commentCount":1,"publisher":{"@id":"https:\/\/factorial.es\/blog\/#organization"},"articleSection":["Talent Management"],"inLanguage":"es","potentialAction":[{"@type":"CommentAction","name":"Comment","target":["https:\/\/factorial.es\/blog\/ambiente-laboral\/#respond"]}]},{"@type":"WebPage","@id":"https:\/\/factorial.es\/blog\/ambiente-laboral\/","url":"https:\/\/factorial.es\/blog\/ambiente-laboral\/","name":"Tipos de ambiente laboral y su gesti\u00f3n eficaz \ud83e\udd1d","isPartOf":{"@id":"https:\/\/factorial.es\/blog\/#website"},"datePublished":"2021-11-29T16:39:38+00:00","dateModified":"2026-02-05T19:21:07+00:00","description":"Descubre los principales tipos de ambiente laboral y aprende a gestionarlos para mejorar el clima de trabajo y el rendimiento del equipo.","inLanguage":"es","potentialAction":[{"@type":"ReadAction","target":["https:\/\/factorial.es\/blog\/ambiente-laboral\/"]}]},{"@type":"WebSite","@id":"https:\/\/factorial.es\/blog\/#website","url":"https:\/\/factorial.es\/blog\/","name":"Factorial","description":"","publisher":{"@id":"https:\/\/factorial.es\/blog\/#organization"},"potentialAction":[{"@type":"SearchAction","target":{"@type":"EntryPoint","urlTemplate":"https:\/\/factorial.es\/blog\/?s={search_term_string}"},"query-input":"required name=search_term_string"}],"inLanguage":"es"},{"@type":"Organization","@id":"https:\/\/factorial.es\/blog\/#organization","name":"All-in-one business management software - Factorial","url":"https:\/\/factorial.es\/blog\/","logo":{"@type":"ImageObject","inLanguage":"es","@id":"https:\/\/factorial.es\/blog\/#\/schema\/logo\/image\/","url":"https:\/\/factorial.es\/wp-content\/uploads\/2023\/07\/18155144\/factorial-logo.png","contentUrl":"https:\/\/factorial.es\/wp-content\/uploads\/2023\/07\/18155144\/factorial-logo.png","width":946,"height":880,"caption":"All-in-one business management software - Factorial"},"image":{"@id":"https:\/\/factorial.es\/blog\/#\/schema\/logo\/image\/"},"sameAs":["https:\/\/www.facebook.com\/people\/Factorial\/100064908455810\/","https:\/\/twitter.com\/factorialapp","https:\/\/www.linkedin.com\/company\/factorialhr","https:\/\/www.youtube.com\/@factorialmedia","https:\/\/www.instagram.com\/factorial\/#"]},{"@type":"Person","@id":"https:\/\/factorial.es\/blog\/#\/schema\/person\/2fc107364522534277ab611302aafb39","name":"Greta Gamarra","image":{"@type":"ImageObject","inLanguage":"es","@id":"https:\/\/factorial.es\/blog\/#\/schema\/person\/image\/","url":"https:\/\/secure.gravatar.com\/avatar\/cf1013a8e96575f9c1576e3b9193c0a7?s=96&d=identicon&r=g","contentUrl":"https:\/\/secure.gravatar.com\/avatar\/cf1013a8e96575f9c1576e3b9193c0a7?s=96&d=identicon&r=g","caption":"Greta Gamarra"},"description":"\u00a1Hola! Soy Greta Gamarra y trabajo como Content Marketing para el mercado espa\u00f1ol en Factorial. Vine a Barcelona a estudiar un M\u00e1ster en Marketing Digital el cual me permiti\u00f3 ampliar m\u00e1s mis conocimientos dentro de este entorno. Desde el 2019 empec\u00e9 a crear contenido y campa\u00f1as para diferentes plataformas.","sameAs":["https:\/\/www.linkedin.com\/in\/greta-gamarra-guerrero\/"],"url":"https:\/\/factorial.es\/blog\/author\/greta\/"}]}},"_links":{"self":[{"href":"https:\/\/factorial.es\/blog\/wp-json\/wp\/v2\/posts\/61500"}],"collection":[{"href":"https:\/\/factorial.es\/blog\/wp-json\/wp\/v2\/posts"}],"about":[{"href":"https:\/\/factorial.es\/blog\/wp-json\/wp\/v2\/types\/post"}],"author":[{"embeddable":true,"href":"https:\/\/factorial.es\/blog\/wp-json\/wp\/v2\/users\/114"}],"replies":[{"embeddable":true,"href":"https:\/\/factorial.es\/blog\/wp-json\/wp\/v2\/comments?post=61500"}],"version-history":[{"count":39,"href":"https:\/\/factorial.es\/blog\/wp-json\/wp\/v2\/posts\/61500\/revisions"}],"predecessor-version":[{"id":148824,"href":"https:\/\/factorial.es\/blog\/wp-json\/wp\/v2\/posts\/61500\/revisions\/148824"}],"wp:featuredmedia":[{"embeddable":true,"href":"https:\/\/factorial.es\/blog\/wp-json\/wp\/v2\/media\/143091"}],"wp:attachment":[{"href":"https:\/\/factorial.es\/blog\/wp-json\/wp\/v2\/media?parent=61500"}],"wp:term":[{"taxonomy":"category","embeddable":true,"href":"https:\/\/factorial.es\/blog\/wp-json\/wp\/v2\/categories?post=61500"},{"taxonomy":"post_tag","embeddable":true,"href":"https:\/\/factorial.es\/blog\/wp-json\/wp\/v2\/tags?post=61500"}],"curies":[{"name":"wp","href":"https:\/\/api.w.org\/{rel}","templated":true}]}}